

{"id":865,"date":"2021-10-15T21:11:00","date_gmt":"2021-10-15T20:11:00","guid":{"rendered":"https:\/\/kriminal.me\/?p=865"},"modified":"2022-02-26T21:14:35","modified_gmt":"2022-02-26T20:14:35","slug":"lazovic-nisam-naredivao-bakovicu-o-belivuku-cu-s-tuziocima","status":"publish","type":"post","link":"https:\/\/kriminal.me\/index.php\/2021\/10\/15\/lazovic-nisam-naredivao-bakovicu-o-belivuku-cu-s-tuziocima\/","title":{"rendered":"Lazovi\u0107: Nisam nare\u0111ivao Bakovi\u0107u, o Belivuku \u0107u s tu\u017eiocima"},"content":{"rendered":"\n<p>Doskora\u0161nji pomo\u0107nik direktora Uprave policije&nbsp;<strong>Zoran Lazovi\u0107<\/strong>&nbsp;nije htio Vijestima da odgovori da li je on izdao nalog za ukidanje zabrane ulaska u Crnu Goru optu\u017eenim kriminalcima&nbsp;<strong>Veljku Belivuku<\/strong>&nbsp;i&nbsp;<strong>Marku Miljkovi\u0107u<\/strong>, rekav\u0161i da to re\u0107i tu\u017eiocima na saslu\u0161anju.<\/p>\n\n\n\n<p>Smijenjeni \u0161ef Sektora za borbu protiv organizovanog kriminala i korupcije dodao je da je u tom predmetu izvi\u0111aj u toku i da ga ne\u0107e komentarisati.<\/p>\n\n\n\n<p>\u201dVrlo odgovorno \u0107u se odnijeti prema tome. Naravno, da\u0107u izjavu nadle\u017enim organima. Moj princip je, pogotovo kad su izjave politi\u010dke, da ih ne komentari\u0161em. Da sam odgovarao na sve izjave, ne znam gdje bi mi bio kraj\u201d, rekao je on.<\/p>\n\n\n\n<p>Odgovaraju\u0107i Vijestima na pitanje da li je mogao narediti tako\u0111e smijenjenom \u0161efu Sektora kriminalisti\u010dke policije&nbsp;<strong>Enisu Bakovi\u0107u&nbsp;<\/strong>&#8211; da otvori granicu za beogradske kriminalce, rekao je da su svi pomo\u0107nici direktora bili u istoj ravni:<\/p>\n\n\n\n<p>\u201dSa istim statusom. Niko nije bio izdvojen\u201d, kazao je on.<\/p>\n\n\n\n<p>Bakovi\u0107, koji je ju\u010de saslu\u0161an po nalogu Specijalnog dr\u017eavnog tu\u017eila\u0161tva, nakon saslu\u0161anja nije odgovarao na poziv novinarke Vijesti.<\/p>\n\n\n\n<p>Lazovi\u0107 i Bakovi\u0107 pomenuti su u toj istrazi tek nakon \u0161to su u srijedu ve\u010de, po nalogu osnovnog dr\u017eavnog tu\u017eioca Vukasa Radonji\u0107a, uhap\u0161eni policijski rukovodioci<strong>&nbsp;Aleksandar Bo\u0161kovi\u0107<\/strong>&nbsp;i&nbsp;<strong>Sa\u0161a \u0110urovi\u0107.<\/strong><\/p>\n\n\n\n<p>Oni su ju\u010de pu\u0161teni na slobodu po nalogu SDT-a.<\/p>\n\n\n\n<p>Prema nezvani\u010dnim saznanjima Vijesti, njih dvojica su nadre\u0111enim kolegama rekli od koga su dobili nalog da Belivuku i Miljkovi\u0107u krajem decembra pro\u0161le godine dozvole da u\u0111u u Crnu Goru.<\/p>\n\n\n\n<p>Uprkos tome, tu\u017eilac Radonji\u0107 tra\u017eio je od policije da na\u010delnik Odsjeka za suzbijanje op\u0161teg kriminaliteta u SBPK i \u0161ef jedinice za potrage budu sprovedeni u betonjerku.<\/p>\n\n\n\n<p>Njegove kolege iz tu\u017eila\u0161tva kojim rukovodi&nbsp;<strong>Milivoje Katni\u0107<\/strong>, tvrde, me\u0111utim, da nema osnovane sumnje da su ta dva policajca izvr\u0161ili krivi\u010dno djelo.<\/p>\n\n\n\n<p>\u201dAnalizom svih prikupljenih dokaza ocijenjeno je da nema osnovane sumnje da su A.B. i S.\u0110. koji su prethodno, po nalogu Osnovnog dr\u017eavnog tu\u017eila\u0161tva u Podgorici li\u0161eni slobode, izvr\u0161ili krivi\u010dno djelo zloupotreba slu\u017ebenog polo\u017eaja, pa je dat nalog Specijalnom policijskom odjeljenju da se navedena lica puste na slobodu\u201d, saop\u0161tili su ju\u010de iz SDT-a.<\/p>\n","protected":false},"excerpt":{"rendered":"<p>Doskora\u0161nji pomo\u0107nik direktora Uprave policije&nbsp;Zoran Lazovi\u0107&nbsp;nije htio Vijestima da odgovori da li je on izdao nalog za ukidanje zabrane ulaska u Crnu Goru optu\u017eenim kriminalcima&nbsp;Veljku Belivuku&nbsp;i&nbsp;Marku Miljkovi\u0107u, rekav\u0161i da to re\u0107i tu\u017eiocima na saslu\u0161anju. Smijenjeni \u0161ef Sektora za borbu protiv organizovanog kriminala i korupcije dodao je da je u tom predmetu izvi\u0111aj u toku i [&hellip;]<\/p>\n","protected":false},"author":1,"featured_media":866,"comment_status":"open","ping_status":"open","sticky":false,"template":"","format":"standard","meta":{"footnotes":""},"categories":[4],"tags":[55,46,27,29,45,53],"class_list":["post-865","post","type-post","status-publish","format-standard","has-post-thumbnail","hentry","category-vijesti","tag-enis-bakovic","tag-marko-miljkovic","tag-milivoje-katnic","tag-specijalno-drzavno-tuzilastvo","tag-veljko-belivuk","tag-zoran-lazovic"],"_links":{"self":[{"href":"https:\/\/kriminal.me\/index.php\/wp-json\/wp\/v2\/posts\/865","targetHints":{"allow":["GET"]}}],"collection":[{"href":"https:\/\/kriminal.me\/index.php\/wp-json\/wp\/v2\/posts"}],"about":[{"href":"https:\/\/kriminal.me\/index.php\/wp-json\/wp\/v2\/types\/post"}],"author":[{"embeddable":true,"href":"https:\/\/kriminal.me\/index.php\/wp-json\/wp\/v2\/users\/1"}],"replies":[{"embeddable":true,"href":"https:\/\/kriminal.me\/index.php\/wp-json\/wp\/v2\/comments?post=865"}],"version-history":[{"count":1,"href":"https:\/\/kriminal.me\/index.php\/wp-json\/wp\/v2\/posts\/865\/revisions"}],"predecessor-version":[{"id":867,"href":"https:\/\/kriminal.me\/index.php\/wp-json\/wp\/v2\/posts\/865\/revisions\/867"}],"wp:featuredmedia":[{"embeddable":true,"href":"https:\/\/kriminal.me\/index.php\/wp-json\/wp\/v2\/media\/866"}],"wp:attachment":[{"href":"https:\/\/kriminal.me\/index.php\/wp-json\/wp\/v2\/media?parent=865"}],"wp:term":[{"taxonomy":"category","embeddable":true,"href":"https:\/\/kriminal.me\/index.php\/wp-json\/wp\/v2\/categories?post=865"},{"taxonomy":"post_tag","embeddable":true,"href":"https:\/\/kriminal.me\/index.php\/wp-json\/wp\/v2\/tags?post=865"}],"curies":[{"name":"wp","href":"https:\/\/api.w.org\/{rel}","templated":true}]}}