

{"id":845,"date":"2021-11-17T20:27:00","date_gmt":"2021-11-17T19:27:00","guid":{"rendered":"https:\/\/kriminal.me\/?p=845"},"modified":"2022-02-26T20:30:52","modified_gmt":"2022-02-26T19:30:52","slug":"podgoricanin-uhapsen-zbog-sumnje-da-je-clan-grupe-optuzene-za-sverc-750-kilograma-kokaina","status":"publish","type":"post","link":"https:\/\/kriminal.me\/index.php\/2021\/11\/17\/podgoricanin-uhapsen-zbog-sumnje-da-je-clan-grupe-optuzene-za-sverc-750-kilograma-kokaina\/","title":{"rendered":"Podgori\u010danin uhap\u0161en zbog sumnje da je \u010dlan grupe optu\u017eene za \u0161verc 750 kilograma kokaina"},"content":{"rendered":"\n<p>Podgori\u010danin Radoje Radulovi\u0107 uhap\u0161en je sino\u0107 zbog sumnje da je dio organizovane kriminalne grupe optu\u017eene za \u0161verc 750 kilograma kokaina iz Ju\u017ene Amerike u Evropu, saznaju Vijesti nezvani\u010dno.<\/p>\n\n\n\n<p>Prema informacijama iz Uprave policije, Radulovi\u0107 je uhap\u0161en u centru glavnog grada.<\/p>\n\n\n\n<p>Radulovi\u0107 je, navodno, dio me\u0111unarodne kriminalne grupe koja je djelovala na podru\u010dju Hrvatske, Srbije, Rusije, Austrije, Karipskih ostrva na Atlantiku &#8211; Sveta Lucija, Martinik i Sveti Martin, Francuske i Portugala.<\/p>\n\n\n\n<p>U spisima Specijalnog dr\u017eavnog tu\u017eila\u0161tva pi\u0161e da su organizatori te krimi grupe tokom 2018. godine kupili brod \u201cFlorida 2\u201d, kojim su poku\u0161ali da pro\u0161vercuju 750 kilograma kokaina.<\/p>\n\n\n\n<p>\u201cFlorida\u201d je zaplijenjena 2018. godine u Portugaliji, kada su navodno uhap\u0161eni Marko Stevi\u0107, Veljko Jovanovi\u0107, Z.K. i D.P.<\/p>\n\n\n\n<p>Tu kriminalnu grupu navodno su po\u010detkom marta 2018. godine formirali Nikica Todorovi\u0107 i Damjan Vuka\u0161inovi\u0107. U tom predmetu optu\u017eeno je 14 osoba. Me\u0111u optu\u017eenima su i Ranko Stojovi\u0107, Milica Bukili\u0107, Jovan Ercegovi\u0107, Milovan &#8211; Lolo Lakovi\u0107, Mario Lazovi\u0107, Darko Gilja\u010da.<\/p>\n\n\n\n<p>Na spisku su i Z.K. i D.P, a iz SDT-a su ranije objasnili da su \u010dlanovi vi\u0161e NN lica iz Hrvatske i Srbije.<\/p>\n\n\n\n<p>Neki od njih ve\u0107 su sklopili sporazume o priznanju krivice.<\/p>\n\n\n\n<p>Izvor: ND Vijesti<\/p>\n","protected":false},"excerpt":{"rendered":"<p>Podgori\u010danin Radoje Radulovi\u0107 uhap\u0161en je sino\u0107 zbog sumnje da je dio organizovane kriminalne grupe optu\u017eene za \u0161verc 750 kilograma kokaina iz Ju\u017ene Amerike u Evropu, saznaju Vijesti nezvani\u010dno. Prema informacijama iz Uprave policije, Radulovi\u0107 je uhap\u0161en u centru glavnog grada. Radulovi\u0107 je, navodno, dio me\u0111unarodne kriminalne grupe koja je djelovala na podru\u010dju Hrvatske, Srbije, Rusije, [&hellip;]<\/p>\n","protected":false},"author":1,"featured_media":846,"comment_status":"open","ping_status":"open","sticky":false,"template":"","format":"standard","meta":{"footnotes":""},"categories":[4],"tags":[39,29,26,28],"class_list":["post-845","post","type-post","status-publish","format-standard","has-post-thumbnail","hentry","category-vijesti","tag-radoje-radulovic","tag-specijalno-drzavno-tuzilastvo","tag-sverc-kokaina","tag-uprava-policije"],"_links":{"self":[{"href":"https:\/\/kriminal.me\/index.php\/wp-json\/wp\/v2\/posts\/845","targetHints":{"allow":["GET"]}}],"collection":[{"href":"https:\/\/kriminal.me\/index.php\/wp-json\/wp\/v2\/posts"}],"about":[{"href":"https:\/\/kriminal.me\/index.php\/wp-json\/wp\/v2\/types\/post"}],"author":[{"embeddable":true,"href":"https:\/\/kriminal.me\/index.php\/wp-json\/wp\/v2\/users\/1"}],"replies":[{"embeddable":true,"href":"https:\/\/kriminal.me\/index.php\/wp-json\/wp\/v2\/comments?post=845"}],"version-history":[{"count":1,"href":"https:\/\/kriminal.me\/index.php\/wp-json\/wp\/v2\/posts\/845\/revisions"}],"predecessor-version":[{"id":847,"href":"https:\/\/kriminal.me\/index.php\/wp-json\/wp\/v2\/posts\/845\/revisions\/847"}],"wp:featuredmedia":[{"embeddable":true,"href":"https:\/\/kriminal.me\/index.php\/wp-json\/wp\/v2\/media\/846"}],"wp:attachment":[{"href":"https:\/\/kriminal.me\/index.php\/wp-json\/wp\/v2\/media?parent=845"}],"wp:term":[{"taxonomy":"category","embeddable":true,"href":"https:\/\/kriminal.me\/index.php\/wp-json\/wp\/v2\/categories?post=845"},{"taxonomy":"post_tag","embeddable":true,"href":"https:\/\/kriminal.me\/index.php\/wp-json\/wp\/v2\/tags?post=845"}],"curies":[{"name":"wp","href":"https:\/\/api.w.org\/{rel}","templated":true}]}}