

{"id":842,"date":"2021-11-05T20:19:00","date_gmt":"2021-11-05T19:19:00","guid":{"rendered":"https:\/\/kriminal.me\/?p=842"},"modified":"2022-02-26T20:22:12","modified_gmt":"2022-02-26T19:22:12","slug":"za-vodu-kavcana-u-sloveniji-traze-12-i-po-godina-zatvora","status":"publish","type":"post","link":"https:\/\/kriminal.me\/index.php\/2021\/11\/05\/za-vodu-kavcana-u-sloveniji-traze-12-i-po-godina-zatvora\/","title":{"rendered":"Za vo\u0111u &#8220;kav\u010dana&#8221; u Sloveniji tra\u017ee 12 i po godina zatvora"},"content":{"rendered":"\n<p><br>Pola godine nakon policijske akcije kojom je razbijen slovena\u010dki ogranak &#8220;kava\u010dkog klana&#8221;, tu\u017eila\u0161tvo je podiglo optu\u017enicu protiv 24 od 64 osumnji\u010dena, pi\u0161e mariborski list &#8220;Ve\u010der&#8221;.<\/p>\n\n\n\n<p>Prema pisanju Ve\u010dera, u optu\u017enici Specijalnog dr\u017eavnog tu\u017eila\u0161tva nema dvojice pripadnika koji su sara\u0111ivali sa vlastima, koji su davanjem korisnih informacija uveliko doprinijeli hap\u0161enju osumnji\u010denih.<\/p>\n\n\n\n<p>Jedan od uhap\u0161enih, pod nadimkom &#8220;Darko N.&#8221; treba da se pojavi kao krunski svjedok, a njegov identitet \u0107e ostati skriven po\u0161to ima status za\u0161ti\u0107enog svjedoka.<\/p>\n\n\n\n<p>Policija nije uspela da utvrdi identitet pojedinih osoba umije\u0161anih u lanac trgovine drogom, a poznati su samo njihovi nadimci. Neki od osumnji\u010denih su u bjekstvu, a neki su ve\u0107 u zatvoru u drugim zemljama.<\/p>\n\n\n\n<p>Prema pisanju Ve\u010dera, me\u0111u optu\u017eenima je i osoba ozna\u010dena kao nepouzdani svjedok. Istra\u017eni sudija je odlu\u010dio da mu ne dodijeli status za\u0161ti\u0107enog svjedoka.<\/p>\n\n\n\n<p>U optu\u017enici na 490 stranica izneseni su navodi o trgovini drogom, ali se ne pominje trgovina oru\u017ejem, jer sud nije dozvolio da se istraga pro\u0161iri na taj segment, navodi &#8220;Ve\u010der&#8221;.<\/p>\n\n\n\n<p>Kako se navodi, u optu\u017enici su detaljno opisana navodna djela kriminalne grupe, a predlo\u017eene su i kazne za osumnji\u010dene. Za vo\u0111u ogranka Klemena Kadivca predlo\u017eena je kazna zatvora od dvanaest i po godina.<\/p>\n\n\n\n<p>Prema navodima policije i tu\u017eila\u0161tva, slovena\u010dki ogranak &#8220;kava\u010dkog klana&#8221; djelovao je od 2018. godine, a imao je jake veze u \u0160paniji, Njema\u010dkoj, Austriji, Srbiji, Italiji, Holandiji i Hrvatskoj.<\/p>\n\n\n\n<p>Izvor: Ve\u010der, Maribor<\/p>\n","protected":false},"excerpt":{"rendered":"<p>Pola godine nakon policijske akcije kojom je razbijen slovena\u010dki ogranak &#8220;kava\u010dkog klana&#8221;, tu\u017eila\u0161tvo je podiglo optu\u017enicu protiv 24 od 64 osumnji\u010dena, pi\u0161e mariborski list &#8220;Ve\u010der&#8221;. Prema pisanju Ve\u010dera, u optu\u017enici Specijalnog dr\u017eavnog tu\u017eila\u0161tva nema dvojice pripadnika koji su sara\u0111ivali sa vlastima, koji su davanjem korisnih informacija uveliko doprinijeli hap\u0161enju osumnji\u010denih. Jedan od uhap\u0161enih, pod nadimkom [&hellip;]<\/p>\n","protected":false},"author":1,"featured_media":843,"comment_status":"open","ping_status":"open","sticky":false,"template":"","format":"standard","meta":{"footnotes":""},"categories":[4],"tags":[38,14],"class_list":["post-842","post","type-post","status-publish","format-standard","has-post-thumbnail","hentry","category-vijesti","tag-kavacki-klan","tag-organizovani-kriminal"],"_links":{"self":[{"href":"https:\/\/kriminal.me\/index.php\/wp-json\/wp\/v2\/posts\/842","targetHints":{"allow":["GET"]}}],"collection":[{"href":"https:\/\/kriminal.me\/index.php\/wp-json\/wp\/v2\/posts"}],"about":[{"href":"https:\/\/kriminal.me\/index.php\/wp-json\/wp\/v2\/types\/post"}],"author":[{"embeddable":true,"href":"https:\/\/kriminal.me\/index.php\/wp-json\/wp\/v2\/users\/1"}],"replies":[{"embeddable":true,"href":"https:\/\/kriminal.me\/index.php\/wp-json\/wp\/v2\/comments?post=842"}],"version-history":[{"count":1,"href":"https:\/\/kriminal.me\/index.php\/wp-json\/wp\/v2\/posts\/842\/revisions"}],"predecessor-version":[{"id":844,"href":"https:\/\/kriminal.me\/index.php\/wp-json\/wp\/v2\/posts\/842\/revisions\/844"}],"wp:featuredmedia":[{"embeddable":true,"href":"https:\/\/kriminal.me\/index.php\/wp-json\/wp\/v2\/media\/843"}],"wp:attachment":[{"href":"https:\/\/kriminal.me\/index.php\/wp-json\/wp\/v2\/media?parent=842"}],"wp:term":[{"taxonomy":"category","embeddable":true,"href":"https:\/\/kriminal.me\/index.php\/wp-json\/wp\/v2\/categories?post=842"},{"taxonomy":"post_tag","embeddable":true,"href":"https:\/\/kriminal.me\/index.php\/wp-json\/wp\/v2\/tags?post=842"}],"curies":[{"name":"wp","href":"https:\/\/api.w.org\/{rel}","templated":true}]}}