

{"id":838,"date":"2021-12-03T19:27:00","date_gmt":"2021-12-03T18:27:00","guid":{"rendered":"https:\/\/kriminal.me\/?p=838"},"modified":"2022-02-26T19:40:37","modified_gmt":"2022-02-26T18:40:37","slug":"sudenje-za-sverc-kokaina-na-jadranu-odlozeno-za-januar","status":"publish","type":"post","link":"https:\/\/kriminal.me\/index.php\/2021\/12\/03\/sudenje-za-sverc-kokaina-na-jadranu-odlozeno-za-januar\/","title":{"rendered":"Su\u0111enje za \u0161verc kokaina na &#8220;Jadranu&#8221; odlo\u017eeno za januar"},"content":{"rendered":"\n<p>Su\u0111enje optu\u017eenima za \u0161verc oko 60 kilograma kokaina na brodu &#8220;Jadran&#8221; koje je za danas bilo zakazano u Vi\u0161em sudu u Podgorici, odlo\u017eeno je za januar naredne godine.<\/p>\n\n\n\n<p>Advokat Marko Damjanovi\u0107, kojeg je sud postavio za novog branioca po slu\u017ebenoj du\u017enosti okrivljenog koji se nalazi u bjekstvu, zatra\u017eio je odlaganje glavnog pretresa radi pripremanja odbrane.<\/p>\n\n\n\n<p>U optu\u017enici specijalnog tu\u017eioca se navodi da su za \u0161verc oko 60 kilograma kokaina okrivljeni Vladimir M. Ra\u010di\u0107, koji je u bjekstvu, Dejan D. Rov\u010danin, tako\u0111e u bjekstvu, Du\u0161ko V. Radenovi\u0107, Radomir R. Osmaji\u0107 i Vojin M. Stupar.<\/p>\n\n\n\n<p>Prema navodima optu\u017enice, u cilju realizacije kriminalnog plana, okrivljeni Du\u0161ko Radenovi\u0107 zajedno sa Milo\u0161em Kuli\u0107em, stariji vodnik u Ratnoj mornarici Crne Gore, koji je rje\u0161enjem Vi\u0161eg suda u Podgorici odre\u0111en za svjedoka saradnika, su 17. aprila 2019., po prethodnom dogovoru, sa umi\u0161ljajem podstreknuti na izvr\u0161enje krivi\u010dnog djela od okrivljenih Ra\u010di\u0107a i Rov\u010danina.<\/p>\n\n\n\n<p>Okrivljeni Ra\u010di\u0107 i Stupar su kao saizvr\u0161ioci izvr\u0161ili krivi\u010dno djelo neovla\u0161\u0107ena proizvodnja, dr\u017eanje i stavljanje u promet opojne droge u sticaju sa nedozvoljenim dr\u017eanjem oru\u017eja, dok je i Radenovi\u0107 po\u010dinio ista krivi\u010dna djela. Okrivljeni Ra\u010di\u0107 i Rov\u010danin su izvr\u0161ili krivi\u010dno djelo stvaranje kriminalne organizacije iz \u010dlana 401 a, stav 1, a okrivljeni Radenovi\u0107, Osmaji\u0107 i Stupar stvaranje kriminalne organizacije iz \u010dlana 401 a, stav 2, krivi\u010dnog zakonika Crne Gore.<\/p>\n\n\n\n<p>Izvor: ND Vijesti<\/p>\n","protected":false},"excerpt":{"rendered":"<p>Su\u0111enje optu\u017eenima za \u0161verc oko 60 kilograma kokaina na brodu &#8220;Jadran&#8221; koje je za danas bilo zakazano u Vi\u0161em sudu u Podgorici, odlo\u017eeno je za januar naredne godine. Advokat Marko Damjanovi\u0107, kojeg je sud postavio za novog branioca po slu\u017ebenoj du\u017enosti okrivljenog koji se nalazi u bjekstvu, zatra\u017eio je odlaganje glavnog pretresa radi pripremanja odbrane. [&hellip;]<\/p>\n","protected":false},"author":1,"featured_media":839,"comment_status":"open","ping_status":"open","sticky":false,"template":"","format":"standard","meta":{"footnotes":""},"categories":[4],"tags":[31,33,34,17,35,37,18,32,36],"class_list":["post-838","post","type-post","status-publish","format-standard","has-post-thumbnail","hentry","category-vijesti","tag-brod-jadran","tag-dejan-rovcanin","tag-dusko-radenovic","tag-kokain","tag-radomir-osmajic","tag-ratna-mornarica-crne-gre","tag-visi-sud-podgorica","tag-vladimir-racic","tag-vojin-stupar"],"_links":{"self":[{"href":"https:\/\/kriminal.me\/index.php\/wp-json\/wp\/v2\/posts\/838","targetHints":{"allow":["GET"]}}],"collection":[{"href":"https:\/\/kriminal.me\/index.php\/wp-json\/wp\/v2\/posts"}],"about":[{"href":"https:\/\/kriminal.me\/index.php\/wp-json\/wp\/v2\/types\/post"}],"author":[{"embeddable":true,"href":"https:\/\/kriminal.me\/index.php\/wp-json\/wp\/v2\/users\/1"}],"replies":[{"embeddable":true,"href":"https:\/\/kriminal.me\/index.php\/wp-json\/wp\/v2\/comments?post=838"}],"version-history":[{"count":2,"href":"https:\/\/kriminal.me\/index.php\/wp-json\/wp\/v2\/posts\/838\/revisions"}],"predecessor-version":[{"id":841,"href":"https:\/\/kriminal.me\/index.php\/wp-json\/wp\/v2\/posts\/838\/revisions\/841"}],"wp:featuredmedia":[{"embeddable":true,"href":"https:\/\/kriminal.me\/index.php\/wp-json\/wp\/v2\/media\/839"}],"wp:attachment":[{"href":"https:\/\/kriminal.me\/index.php\/wp-json\/wp\/v2\/media?parent=838"}],"wp:term":[{"taxonomy":"category","embeddable":true,"href":"https:\/\/kriminal.me\/index.php\/wp-json\/wp\/v2\/categories?post=838"},{"taxonomy":"post_tag","embeddable":true,"href":"https:\/\/kriminal.me\/index.php\/wp-json\/wp\/v2\/tags?post=838"}],"curies":[{"name":"wp","href":"https:\/\/api.w.org\/{rel}","templated":true}]}}