

{"id":2317,"date":"2023-03-22T20:45:00","date_gmt":"2023-03-22T19:45:00","guid":{"rendered":"https:\/\/kriminal.me\/?p=2317"},"modified":"2023-05-03T01:49:23","modified_gmt":"2023-05-03T00:49:23","slug":"uhapsen-dejan-knezevic-pomocnik-direktora-uprave-policije-za-borbu-protiv-organizovanog-kriminala","status":"publish","type":"post","link":"https:\/\/kriminal.me\/index.php\/2023\/03\/22\/uhapsen-dejan-knezevic-pomocnik-direktora-uprave-policije-za-borbu-protiv-organizovanog-kriminala\/","title":{"rendered":"Uhap\u0161en Dejan Kne\u017eevi\u0107, pomo\u0107nik direktora Uprave policije za borbu protiv organizovanog kriminala"},"content":{"rendered":"\n<blockquote class=\"wp-block-quote is-layout-flow wp-block-quote-is-layout-flow\">\n<p>Pomo\u0107nik direktora Uprave policije za borbu protiv organizovanog kriminala Dejan Kne\u017eevi\u0107 uhap\u0161en je zbog navodne povezanosti sa dijelom nedavno uhap\u0161ene grupe, koju Specijalno dr\u017eavno tu\u017eila\u0161tvo (SDT) tereti za stvaranje kriminalne organizacije i \u0161verc droge.<\/p>\n<cite>Izvor: Vijesti<\/cite><\/blockquote>\n\n\n\n<p>Prema istim informacijama, pripadnici Specijalnog policijskog odjeljenja (SPO), Kne\u017eevi\u0107a su li\u0161ili slobode ne\u0161to poslije 17 \u010dasova, po nalogu SDT-a.<\/p>\n\n\n\n<h5 class=\"wp-block-heading\">Radonji\u0107: Kne\u017eevi\u0107 uhap\u0161en zbog osnova sumnje da je stvorio kriminalnu organizaciju i po\u010dinio druga krivi\u010dna djela<\/h5>\n\n\n\n<p>Dr\u017eavni tu\u017eilac i portparol SDT-a, Vukas Radonji\u0107 rekao je &#8220;Vijestima&#8221; da je u nastavku akcije koju SPO preduzima po nalogu i zajedno sa SDT, a na osnovu vi\u0161emjese\u010dnog planiranog i koordinisanog djelovanja SDT, SPO i Agencije Evropske unije za saradnju organa za sprovo\u0111enje zakona &#8211; Eeropola, danas uhap\u0161en vr\u0161ilac du\u017enosti pomo\u0107nika direktora Uprave policije za Sektor za borbu protiv kriminala, D. K., zbog postojanja osnova sumnje da je u\u010dinio krivi\u010dno djelo stvaranje kriminalne organizacije i druga krivi\u010dna djela.<\/p>\n\n\n\n<p>&#8220;Specijalno dr\u017eavno tu\u017eila\u0161tvo \u0107e o svojim daljim radnjama i stanju postupka blagovremeno obavje\u0161tavati javnost, a posebno isti\u010dem da su dr\u017eavni organi, mediji, udru\u017eenja gra\u0111ana, javne li\u010dnosti i druga lica du\u017eni da se pridr\u017eavaju pretpostavke nevinsoti i da svojim javnim izjavama o postupku koji je u toku ne vrije\u0111aju druga pravila postupka i prava lica protiv kojih se postupak vodi&#8221;, kazao je Radonji\u0107.<\/p>\n\n\n\n<h5 class=\"wp-block-heading\">Uprava policije: Imaju\u0107i u vidu fazu postupka, odnosno zakonska ograni\u010denja, ne mo\u017ee se saop\u0161titi vi\u0161e detalja<\/h5>\n\n\n\n<p>Iz Uprave policije je zvani\u010dno potvr\u0111eno da je uhap\u0161en Kne\u017eevi\u0107.<\/p>\n\n\n\n<p>&#8220;Danas je li\u0161en slobode v. d. pomo\u0107nika direktora Uprave policije za Sektor za borbu protiv kriminala Dejan Kne\u017eevi\u0107. Imaju\u0107i u vidu fazu postupka, odnosno zakonska ograni\u010denja, ne mo\u017ee se saop\u0161titi vi\u0161e detalja. Policija sara\u0111uje i postupa po nalogu Specijalnog dr\u017eavnog tu\u017eila\u0161tva u ovom slu\u010daju&#8221;, isti\u010de se u saop\u0161tenju.<\/p>\n\n\n\n<h5 class=\"wp-block-heading\">Branioci Kne\u017eevi\u0107a potvrdili hap\u0161enje<\/h5>\n\n\n\n<p>Branioci pomo\u0107nika direktora Uprave policije za borbu protiv organizovanog kriminala Dejana Kne\u017eevi\u0107, advokati Borivoje i \u017deljko \u0110ukanovi\u0107 potvrdili su &#8220;Vijestima&#8221; da je njihov klijent li\u0161en slobode.<\/p>\n\n\n\n<p>&#8220;Sproveden je iz prostorija SPO na pretres stana. Kao njegov branilac i ja prisustvujem pretesu. Nakon \u0161to se pretres zavr\u0161i dobi\u0107emo informaciju o tome da li \u0107e biti sproveden postupaju\u0107em tu\u017eiocu. Na\u0161 branjenik zasada nije dao nikakav iskaz&#8221;, rekao je &#8220;Vijestima&#8221; \u017deljko \u0110ukanovi\u0107.<\/p>\n\n\n\n<p>\u017deljko \u0110ukanovi\u0107 je ve\u010deras &#8220;Vijestima&#8221; kazao da u stanu Kne\u017eevi\u0107a policija nije prona\u0161la ni\u0161ta \u0161to bi ukazivalo na izvr\u0161enje bilo kog krivi\u010dnog djela.<\/p>\n","protected":false},"excerpt":{"rendered":"<p>Pomo\u0107nik direktora Uprave policije za borbu protiv organizovanog kriminala Dejan Kne\u017eevi\u0107 uhap\u0161en je zbog navodne povezanosti sa dijelom nedavno uhap\u0161ene grupe, koju Specijalno dr\u017eavno tu\u017eila\u0161tvo (SDT) tereti za stvaranje kriminalne organizacije i \u0161verc droge. Izvor: Vijesti Prema istim informacijama, pripadnici Specijalnog policijskog odjeljenja (SPO), Kne\u017eevi\u0107a su li\u0161ili slobode ne\u0161to poslije 17 \u010dasova, po nalogu SDT-a. [&hellip;]<\/p>\n","protected":false},"author":1,"featured_media":2318,"comment_status":"open","ping_status":"open","sticky":false,"template":"","format":"standard","meta":{"footnotes":""},"categories":[4],"tags":[86,38,29,26,13],"class_list":["post-2317","post","type-post","status-publish","format-standard","has-post-thumbnail","hentry","category-vijesti","tag-dejan-knezevic","tag-kavacki-klan","tag-specijalno-drzavno-tuzilastvo","tag-sverc-kokaina","tag-uprava-policije-crne-gore"],"_links":{"self":[{"href":"https:\/\/kriminal.me\/index.php\/wp-json\/wp\/v2\/posts\/2317","targetHints":{"allow":["GET"]}}],"collection":[{"href":"https:\/\/kriminal.me\/index.php\/wp-json\/wp\/v2\/posts"}],"about":[{"href":"https:\/\/kriminal.me\/index.php\/wp-json\/wp\/v2\/types\/post"}],"author":[{"embeddable":true,"href":"https:\/\/kriminal.me\/index.php\/wp-json\/wp\/v2\/users\/1"}],"replies":[{"embeddable":true,"href":"https:\/\/kriminal.me\/index.php\/wp-json\/wp\/v2\/comments?post=2317"}],"version-history":[{"count":1,"href":"https:\/\/kriminal.me\/index.php\/wp-json\/wp\/v2\/posts\/2317\/revisions"}],"predecessor-version":[{"id":2319,"href":"https:\/\/kriminal.me\/index.php\/wp-json\/wp\/v2\/posts\/2317\/revisions\/2319"}],"wp:featuredmedia":[{"embeddable":true,"href":"https:\/\/kriminal.me\/index.php\/wp-json\/wp\/v2\/media\/2318"}],"wp:attachment":[{"href":"https:\/\/kriminal.me\/index.php\/wp-json\/wp\/v2\/media?parent=2317"}],"wp:term":[{"taxonomy":"category","embeddable":true,"href":"https:\/\/kriminal.me\/index.php\/wp-json\/wp\/v2\/categories?post=2317"},{"taxonomy":"post_tag","embeddable":true,"href":"https:\/\/kriminal.me\/index.php\/wp-json\/wp\/v2\/tags?post=2317"}],"curies":[{"name":"wp","href":"https:\/\/api.w.org\/{rel}","templated":true}]}}