

{"id":2298,"date":"2023-01-09T13:56:50","date_gmt":"2023-01-09T12:56:50","guid":{"rendered":"https:\/\/kriminal.me\/?p=2298"},"modified":"2023-01-09T13:56:51","modified_gmt":"2023-01-09T12:56:51","slug":"podignuta-optuznica-protiv-petra-lazovica-i-ljuba-milovica","status":"publish","type":"post","link":"https:\/\/kriminal.me\/index.php\/2023\/01\/09\/podignuta-optuznica-protiv-petra-lazovica-i-ljuba-milovica\/","title":{"rendered":"Podignuta optu\u017enica protiv Petra Lazovi\u0107a i Ljuba Milovi\u0107a"},"content":{"rendered":"\n<blockquote class=\"wp-block-quote is-layout-flow wp-block-quote-is-layout-flow\">\n<p>Slu\u017ebenici ANB-a i Uprave policije Crne Gore, Petar Lazovi\u0107 i Ljubo Milovi\u0107 se terete za pripadnost kriminalnoj organizacija Radoja Zvicera, jednog od navodinih vo\u0111a kava\u010dkog klana. Lazovi\u0107 je uhap\u0161en u julu ove godine, dok se za Milovi\u0107em i dalje traga.<\/p>\n<cite>Izvor: kriminal.me<\/cite><\/blockquote>\n\n\n\n<p>Specijalno dr\u017eavno tu\u017eila\u0161tvo (SDT) podiglo je optu\u017enicu protiv Lazovi\u0107a i Milovi\u0107a nakon istrage koja je inicirana objavom prepiske iz &#8220;SKY&#8221; aplikacije &#8211; softvera za enkripciju komunikacije putem mobilnih telefona, nakon koje je Lazovi\u0107 uhap\u0161en i osumnji\u010den za kriminalno udru\u017eivanje, zloupotrebu polo\u017eaja, \u0161verc droge i oru\u017eja. Lazovi\u0107 je pred tu\u017eiocem negirao te navode, a u toku je postupak razmatranja jemstva u iznosu od preko 6,2 miliona eura koje je za njegovu slobodu ponudila porodica Lazovi\u0107 i kompanija &#8220;Gufo&#8221; sa kojom Lazovi\u0107i imaju poslovne odnose. <\/p>\n\n\n\n<p>Pored Radoja Zvicera, Milovi\u0107a i Lazovi\u0107a na optu\u017enici su: Radoje \u017divkovi\u0107, Nikola Spasojevi\u0107, Slobodan Ka\u0161\u0107elan, Milan Vujoti\u0107, Du\u0161ko Roganovi\u0107, Radovan Mujovi\u0107, Radovan Pantovi\u0107 i Nik\u0161a Perovi\u0107.<\/p>\n\n\n\n<p>Prema navodima optu\u017enice, koju potpisuje specijalni tu\u017eilac Zoran Vu\u010dini\u0107, ova kriminalna organizacija formirana je u drugoj polovini 2020. godine i pored Crne Gore djelovala je u Ju\u017enoj Americi, Africi, Evropi i Australiji. Optu\u017eeni se terete za vi\u0161e te\u0161kih krivi\u010dnih djela, kao \u0161to su te\u0161ka ubistva, poku\u0161aji ubistava, \u0161verc droge, oru\u017eja i cigareta, kao i zloupotreba polo\u017eaja.<\/p>\n","protected":false},"excerpt":{"rendered":"<p>Slu\u017ebenici ANB-a i Uprave policije Crne Gore, Petar Lazovi\u0107 i Ljubo Milovi\u0107 se terete za pripadnost kriminalnoj organizacija Radoja Zvicera, jednog od navodinih vo\u0111a kava\u010dkog klana. Lazovi\u0107 je uhap\u0161en u julu ove godine, dok se za Milovi\u0107em i dalje traga. Izvor: kriminal.me Specijalno dr\u017eavno tu\u017eila\u0161tvo (SDT) podiglo je optu\u017enicu protiv Lazovi\u0107a i Milovi\u0107a nakon istrage [&hellip;]<\/p>\n","protected":false},"author":1,"featured_media":1493,"comment_status":"open","ping_status":"open","sticky":false,"template":"","format":"standard","meta":{"footnotes":""},"categories":[4],"tags":[21,38,89,63,85,131,29,26,18],"class_list":["post-2298","post","type-post","status-publish","format-standard","has-post-thumbnail","hentry","category-vijesti","tag-europol","tag-kavacki-klan","tag-ljubo-milovic","tag-petar-lazovic","tag-radoje-zvicer","tag-sdt","tag-specijalno-drzavno-tuzilastvo","tag-sverc-kokaina","tag-visi-sud-podgorica"],"_links":{"self":[{"href":"https:\/\/kriminal.me\/index.php\/wp-json\/wp\/v2\/posts\/2298","targetHints":{"allow":["GET"]}}],"collection":[{"href":"https:\/\/kriminal.me\/index.php\/wp-json\/wp\/v2\/posts"}],"about":[{"href":"https:\/\/kriminal.me\/index.php\/wp-json\/wp\/v2\/types\/post"}],"author":[{"embeddable":true,"href":"https:\/\/kriminal.me\/index.php\/wp-json\/wp\/v2\/users\/1"}],"replies":[{"embeddable":true,"href":"https:\/\/kriminal.me\/index.php\/wp-json\/wp\/v2\/comments?post=2298"}],"version-history":[{"count":1,"href":"https:\/\/kriminal.me\/index.php\/wp-json\/wp\/v2\/posts\/2298\/revisions"}],"predecessor-version":[{"id":2299,"href":"https:\/\/kriminal.me\/index.php\/wp-json\/wp\/v2\/posts\/2298\/revisions\/2299"}],"wp:featuredmedia":[{"embeddable":true,"href":"https:\/\/kriminal.me\/index.php\/wp-json\/wp\/v2\/media\/1493"}],"wp:attachment":[{"href":"https:\/\/kriminal.me\/index.php\/wp-json\/wp\/v2\/media?parent=2298"}],"wp:term":[{"taxonomy":"category","embeddable":true,"href":"https:\/\/kriminal.me\/index.php\/wp-json\/wp\/v2\/categories?post=2298"},{"taxonomy":"post_tag","embeddable":true,"href":"https:\/\/kriminal.me\/index.php\/wp-json\/wp\/v2\/tags?post=2298"}],"curies":[{"name":"wp","href":"https:\/\/api.w.org\/{rel}","templated":true}]}}