

{"id":2296,"date":"2023-01-09T13:38:28","date_gmt":"2023-01-09T12:38:28","guid":{"rendered":"https:\/\/kriminal.me\/?p=2296"},"modified":"2023-01-09T13:38:29","modified_gmt":"2023-01-09T12:38:29","slug":"cadenovicu-produzen-pritvor-za-jos-dva-mjeseca","status":"publish","type":"post","link":"https:\/\/kriminal.me\/index.php\/2023\/01\/09\/cadenovicu-produzen-pritvor-za-jos-dva-mjeseca\/","title":{"rendered":"\u010ca\u0111enovi\u0107u produ\u017een pritvor za jo\u0161 dva mjeseca"},"content":{"rendered":"\n<blockquote class=\"wp-block-quote is-layout-flow wp-block-quote-is-layout-flow\">\n<p>U Vi\u0161em sudu su naveli da se pritvor produ\u017eava zbog opasnosti od bjekstva i mogu\u0107eg uticaja na svjedoke.<\/p>\n<cite>Izvor: ND Vijesti<\/cite><\/blockquote>\n\n\n\n<p>Vije\u0107e Vi\u0161eg suda u Podgorici produ\u017eilo je na jo\u0161 dva mjeseca pritvor specijalnom tu\u017eiocu Sa\u0161i \u010ca\u0111enovi\u0107u.<\/p>\n\n\n\n<p>Portparolka Vi\u0161eg suda Marija Rakovi\u0107 potvrdila je &#8220;Vijestima&#8221; da je pritvor produ\u017een zbog opasnosti od bjekstva i mogu\u0107eg uticaja na svjedoke u krivi\u010dnom postupku.<\/p>\n\n\n\n<p>Sudija za istragu Vi\u0161eg suda u Podgorici Goran \u0160\u0107epanovi\u0107 odredio je \u010ca\u0111enovi\u0107u 11. decembra pritvor do 30 dana.<\/p>\n\n\n\n<p>Specijalno dr\u017eavno tu\u017eila\u0161tvo (SDT) donijelo je ranije naredbu o sprovo\u0111enju istrage protiv \u010ca\u0111enovi\u0107a, kojeg terete da je sredinom 2020. godine postao \u010dlan kriminalne organizacije koju je formirao Radoje Zvicer.<\/p>\n\n\n\n<p>Specijalni tu\u017eilac Milo\u0161 \u0160o\u0161ki\u0107 predlo\u017eio je tada da se \u010ca\u0111enovi\u0107u odredi pritvor zbog opasnosti od bjekstva i uticaja na svjedoke i sau\u010desnike.<\/p>\n\n\n\n<p>Specijalni tu\u017eilac i portparol SDT-a Vukas Radonji\u0107 saop\u0161tio je ranije Vijestima da je specijalni tu\u017eilac ju\u010de odredio sprovo\u0111enje istrage protiv okrivljenog \u010ca\u0111enovi\u0107a &#8211; zbog osnovane sumnje da je u\u010dinio krivi\u010dno djelo stvaranje kriminalne organizacije i \u010detiri krivi\u010dna djela zloupotreba slu\u017ebenog polo\u017eaja.<\/p>\n\n\n\n<p>&#8220;Iz dokaza prikupljenih u izvi\u0111aju, a posebno razmatranjem pojedinih krivi\u010dnih predmeta na kojima je radio okrivljeni, kao specijalni tu\u017eilac, ali i na osnovu kripotovane SKY ECC komunikacije izme\u0111u organizatora i pojedinih pripadnika kriminalne organizacije, utvr\u0111eno je da postoji osnovana sumnja da je okrivljeni postao pripadnik kriminalne organizacije &#8216;kava\u010dki klan&#8217;, sredinom 2020. godine, sa ulogom i zadacima da kao specijalni tu\u017eilac u Specijalnom dr\u017eavnom tu\u017eila\u0161tvu, a po uputstvima i naredbama organizatora, ne preduzima krivi\u010dno gonjenje i ne pokre\u0107e krivi\u010dne postupke protiv organizatora i \u010dlanova kriminalne organizacije, da onemogu\u0107ava da budu otkriveni kao izvr\u0161ioci najte\u017eih krivi\u010dnih djela i da, u situaciji kad su za to ispunjeni zakonski uslovi, ne predla\u017ee da se pripadnicima organizacije koji su li\u0161eni slobode odredi pritvor, \u0161to je prihvatio i izvr\u0161avao u vi\u0161e krivi\u010dnih predmeta, odnosno postupaka&#8221;, napisao je Radonji\u0107.<\/p>\n\n\n\n<p>Pojasnio je da je ocijenjeno da postoji osnovana sumnja da okrivljeni, u vi\u0161e krivi\u010dnih predmeta, nije, u skladu sa Zakonikom o krivi\u010dnom postupku, preduzimao krivi\u010dno gonjenje u\u010dinilaca krivi\u010dnih djela, niti istinito i potupno utvr\u0111ivao \u010dinjenice bitne za dono\u0161enje zakonitih odluka, \u0161to je bio du\u017ean:<\/p>\n\n\n\n<p>&#8220;Ve\u0107 je zloupotrebljavao svoj slu\u017ebeni polo\u017eaj, u cilju da organizatorima i pripadnicima kriminalne organizacije \u010diji je i sam \u010dlan pribavi korist. Tako, postoji osnovana sumnja da, u jednom krivi\u010dnom predmetu nije preduzeo krivi\u010dno gonjenje i pokrenuo postupak protiv D. R., iako je prethodno znao da je svjedok saradnik i to lice ozna\u010dio kao sau\u010desnika u izvr\u0161enju najte\u017eih krivi\u010dnih djela protiv \u017eivota i tijela. Osnovana sumnja postoji i da, u drugom krivi\u010dnom predmetu nije nalo\u017eio li\u0161enje slobode i pokrenuo postupak protiv D. R., iako je bio upoznat da je odre\u0111eno lice kao gra\u0111anin policiji dalo obavje\u0161tenje da se bavi krivi\u010dnim djelom neovla\u0161\u0107ena proizvodnja, dr\u017eanje i stavljanje u promet opojnih droga ,\u010dime ne samo da mu je pribavio korist, ve\u0107 mu je i omogu\u0107oo bjekstvo&#8221;.<\/p>\n\n\n\n<p>Specijalni tu\u017eilac uhap\u0161en je 9. decembra na poslu nakon \u0161to je njegov kolega Milo\u0161 \u0160o\u0161ki\u0107 donio odluku o otvaranju istrage i nalog za hap\u0161enje \u010ca\u0111enovi\u0107a.<\/p>\n","protected":false},"excerpt":{"rendered":"<p>U Vi\u0161em sudu su naveli da se pritvor produ\u017eava zbog opasnosti od bjekstva i mogu\u0107eg uticaja na svjedoke. Izvor: ND Vijesti Vije\u0107e Vi\u0161eg suda u Podgorici produ\u017eilo je na jo\u0161 dva mjeseca pritvor specijalnom tu\u017eiocu Sa\u0161i \u010ca\u0111enovi\u0107u. Portparolka Vi\u0161eg suda Marija Rakovi\u0107 potvrdila je &#8220;Vijestima&#8221; da je pritvor produ\u017een zbog opasnosti od bjekstva i mogu\u0107eg [&hellip;]<\/p>\n","protected":false},"author":1,"featured_media":2281,"comment_status":"open","ping_status":"open","sticky":false,"template":"","format":"standard","meta":{"footnotes":""},"categories":[4],"tags":[129,84,29,18,130],"class_list":["post-2296","post","type-post","status-publish","format-standard","has-post-thumbnail","hentry","category-vijesti","tag-milos-soskic","tag-sasa-cadenovic","tag-specijalno-drzavno-tuzilastvo","tag-visi-sud-podgorica","tag-vukas-radonjic"],"_links":{"self":[{"href":"https:\/\/kriminal.me\/index.php\/wp-json\/wp\/v2\/posts\/2296","targetHints":{"allow":["GET"]}}],"collection":[{"href":"https:\/\/kriminal.me\/index.php\/wp-json\/wp\/v2\/posts"}],"about":[{"href":"https:\/\/kriminal.me\/index.php\/wp-json\/wp\/v2\/types\/post"}],"author":[{"embeddable":true,"href":"https:\/\/kriminal.me\/index.php\/wp-json\/wp\/v2\/users\/1"}],"replies":[{"embeddable":true,"href":"https:\/\/kriminal.me\/index.php\/wp-json\/wp\/v2\/comments?post=2296"}],"version-history":[{"count":1,"href":"https:\/\/kriminal.me\/index.php\/wp-json\/wp\/v2\/posts\/2296\/revisions"}],"predecessor-version":[{"id":2297,"href":"https:\/\/kriminal.me\/index.php\/wp-json\/wp\/v2\/posts\/2296\/revisions\/2297"}],"wp:featuredmedia":[{"embeddable":true,"href":"https:\/\/kriminal.me\/index.php\/wp-json\/wp\/v2\/media\/2281"}],"wp:attachment":[{"href":"https:\/\/kriminal.me\/index.php\/wp-json\/wp\/v2\/media?parent=2296"}],"wp:term":[{"taxonomy":"category","embeddable":true,"href":"https:\/\/kriminal.me\/index.php\/wp-json\/wp\/v2\/categories?post=2296"},{"taxonomy":"post_tag","embeddable":true,"href":"https:\/\/kriminal.me\/index.php\/wp-json\/wp\/v2\/tags?post=2296"}],"curies":[{"name":"wp","href":"https:\/\/api.w.org\/{rel}","templated":true}]}}