

{"id":2235,"date":"2022-09-22T08:43:40","date_gmt":"2022-09-22T07:43:40","guid":{"rendered":"https:\/\/kriminal.me\/?p=2235"},"modified":"2022-09-22T08:44:21","modified_gmt":"2022-09-22T07:44:21","slug":"uhapsen-radoje-zivkovic-osumnjicen-za-ubistvo-jovana-vukotica","status":"publish","type":"post","link":"https:\/\/kriminal.me\/index.php\/2022\/09\/22\/uhapsen-radoje-zivkovic-osumnjicen-za-ubistvo-jovana-vukotica\/","title":{"rendered":"Uhap\u0161en Radoje \u017divkovi\u0107: Osumnji\u010den za ubistvo Jovana Vukoti\u0107a"},"content":{"rendered":"\n<p><em>Izvor: ND Vijesti<\/em><\/p>\n\n\n\n<p>Turska policija uhapsila je Radoja \u017divkovi\u0107a koga sumnji\u010di za ubistvo Kotoranina Jovana Vukoti\u0107a u Istanbulu.<\/p>\n\n\n\n<p><a rel=\"noreferrer noopener\" href=\"https:\/\/www.aa.com.tr\/ba\/turska\/u-istanbulu-uhap%C5%A1eni-osumnji%C4%8Deni-za-ubistvo-jovana-vukoti%C4%87a-vo%C4%91e-%C5%A1kaljarskog-klana\/2691461\" target=\"_blank\">Anadolija<\/a>\u00a0javlja da \u017divkovi\u0107a tamo\u0161nja policija opisuje kao \u0161efa kriminalne organizacije &#8220;Kava\u010d&#8221; i da je u akciji hap\u0161enja sprovedenoj 16. septembra uhap\u0161eno ukupno 12 osoba, me\u0111u kojima su \u017divkovi\u0107 i Zdravko Perunovi\u0107.<\/p>\n\n\n\n<figure class=\"wp-block-embed is-type-rich is-provider-twitter wp-block-embed-twitter\"><div class=\"wp-block-embed__wrapper\">\n<blockquote class=\"twitter-tweet\" data-width=\"500\" data-dnt=\"true\"><p lang=\"tr\" dir=\"ltr\">S\u0131rp Organize Su\u00e7 \u00d6rg\u00fct\u00fc Liderini \u00f6ld\u00fcrenler \u0130stanbul Emniyetinin operasyonuyla yakaland\u0131 <a href=\"https:\/\/t.co\/auMGgkBWuH\">pic.twitter.com\/auMGgkBWuH<\/a><\/p>&mdash; T\u00fcrk Polis Te\u015fkilat\u0131 (@EmniyetGM) <a href=\"https:\/\/twitter.com\/EmniyetGM\/status\/1572654593405853701?ref_src=twsrc%5Etfw\">September 21, 2022<\/a><\/blockquote><script async src=\"https:\/\/platform.twitter.com\/widgets.js\" charset=\"utf-8\"><\/script>\n<\/div><\/figure>\n\n\n\n<p>Tokom pretresa zajedno s osobama zaplijenjeno je 11 la\u017enih li\u010dnih karata, \u0161est la\u017enih paso\u0161a i dva komada oru\u017eja kori\u0161tenog u napadu.<\/p>\n\n\n\n<p>Vukoti\u0107, koji je bio vo\u0111a \u0161kaljarskog kriminalnog klana ubijen je 8. septembra u Istanbulu.<\/p>\n","protected":false},"excerpt":{"rendered":"<p>Izvor: ND Vijesti Turska policija uhapsila je Radoja \u017divkovi\u0107a koga sumnji\u010di za ubistvo Kotoranina Jovana Vukoti\u0107a u Istanbulu. Anadolija\u00a0javlja da \u017divkovi\u0107a tamo\u0161nja policija opisuje kao \u0161efa kriminalne organizacije &#8220;Kava\u010d&#8221; i da je u akciji hap\u0161enja sprovedenoj 16. septembra uhap\u0161eno ukupno 12 osoba, me\u0111u kojima su \u017divkovi\u0107 i Zdravko Perunovi\u0107. Tokom pretresa zajedno s osobama zaplijenjeno [&hellip;]<\/p>\n","protected":false},"author":1,"featured_media":2213,"comment_status":"open","ping_status":"open","sticky":false,"template":"","format":"standard","meta":{"footnotes":""},"categories":[4],"tags":[122,109,124],"class_list":["post-2235","post","type-post","status-publish","format-standard","has-post-thumbnail","hentry","category-vijesti","tag-jovan-vukotic","tag-skaljski-klan","tag-turska"],"_links":{"self":[{"href":"https:\/\/kriminal.me\/index.php\/wp-json\/wp\/v2\/posts\/2235","targetHints":{"allow":["GET"]}}],"collection":[{"href":"https:\/\/kriminal.me\/index.php\/wp-json\/wp\/v2\/posts"}],"about":[{"href":"https:\/\/kriminal.me\/index.php\/wp-json\/wp\/v2\/types\/post"}],"author":[{"embeddable":true,"href":"https:\/\/kriminal.me\/index.php\/wp-json\/wp\/v2\/users\/1"}],"replies":[{"embeddable":true,"href":"https:\/\/kriminal.me\/index.php\/wp-json\/wp\/v2\/comments?post=2235"}],"version-history":[{"count":1,"href":"https:\/\/kriminal.me\/index.php\/wp-json\/wp\/v2\/posts\/2235\/revisions"}],"predecessor-version":[{"id":2236,"href":"https:\/\/kriminal.me\/index.php\/wp-json\/wp\/v2\/posts\/2235\/revisions\/2236"}],"wp:featuredmedia":[{"embeddable":true,"href":"https:\/\/kriminal.me\/index.php\/wp-json\/wp\/v2\/media\/2213"}],"wp:attachment":[{"href":"https:\/\/kriminal.me\/index.php\/wp-json\/wp\/v2\/media?parent=2235"}],"wp:term":[{"taxonomy":"category","embeddable":true,"href":"https:\/\/kriminal.me\/index.php\/wp-json\/wp\/v2\/categories?post=2235"},{"taxonomy":"post_tag","embeddable":true,"href":"https:\/\/kriminal.me\/index.php\/wp-json\/wp\/v2\/tags?post=2235"}],"curies":[{"name":"wp","href":"https:\/\/api.w.org\/{rel}","templated":true}]}}