

{"id":2218,"date":"2022-09-09T08:27:52","date_gmt":"2022-09-09T07:27:52","guid":{"rendered":"https:\/\/kriminal.me\/?p=2218"},"modified":"2022-09-09T08:34:29","modified_gmt":"2022-09-09T07:34:29","slug":"ubijen-jovan-vukotic","status":"publish","type":"post","link":"https:\/\/kriminal.me\/index.php\/2022\/09\/09\/ubijen-jovan-vukotic\/","title":{"rendered":"Ubijen Jovan Vukoti\u0107"},"content":{"rendered":"\n<blockquote class=\"wp-block-quote is-layout-flow wp-block-quote-is-layout-flow\"><p><strong><em>Jovan Vukoti\u0107, vo\u0111a \u0161kaljarskog klana, ubijen je sino\u0107 u Istanbulu. Vukoti\u0107 je bio u bjekstvu nakon \u0161to je za njim bila raspisana potjernica zbog optu\u017ebi da je planirao ubistva pripadnika suprostavljenog klana. &nbsp;Vukoti\u0107 je optu\u017een da je podstrekavao na ubistvo svojih suparnika, vo\u0111a kava\u010dkog klana Radoja Zvicera i Slobodana Ka\u0161\u0107elana,&nbsp;i da je za njihove likvidacije nudio \u010detiri miliona eura.<\/em><\/strong><\/p><cite><em>Izvor: Krik.rs<\/em><\/cite><\/blockquote>\n\n\n<p>\u010cetrdesetdvogodi\u0161nji Vukoti\u0107 se u Turskoj skrivao od crnogorskih istra\u017enih organa koji su za njim raspisali potjernicu i\u00a0<strong><em><a href=\"https:\/\/www.krik.rs\/vukotic-optuzen-da-je-nudio-cetiri-miliona-evra-za-ubistva-kascelana-i-zvicera\/\" target=\"_blank\" rel=\"noopener\">podigli optu\u017enicu<\/a>,<\/em><\/strong> ali po svemu sude\u0107i, i od kriminalnih suparnika.<\/p>\n<p><!-- \/wp:post-content --><!-- wp:paragraph --><\/p>\n<p>Njegovim ubistvom \u0161kaljarski klan, kriminalna grupa umije\u0161ana u me\u0111unarodni \u0161verc droge, ubistva i brojna druga krivi\u010dna djela, je obezglavljen \u2013 drugi vo\u0111a ove grupe Igor Dedovi\u0107, ubijen je 2020. godine u Atini u Gr\u010dkoj.\u00a0<\/p>\n<p><!-- \/wp:paragraph --><!-- wp:paragraph --><\/p>\n<p>Vukoti\u0107 je u bjekstvu bio od pro\u0161le godine kada su policije i tu\u017eila\u0161tva i Srbije i Crne Gore razbile i njegov, ali i suparni\u010dki kava\u010dki klan \u2013 brojni \u010dlanovi obije grupe su uhap\u0161eni, pokrenuti su postupci i protiv njih i njihovih vo\u0111a.<\/p>\n<p><!-- \/wp:paragraph --><!-- wp:paragraph --><\/p>\n<p>Tako je Vukoti\u0107 optu\u017een da je podstrekavao na ubistvo svojih suparnika, vo\u0111a kava\u010dkog klana Radoja Zvicera i Slobodana Ka\u0161\u0107elana, i da je za njihove likvidacije nudio \u010detiri miliona evra.\u00a0<\/p>\n<p><!-- \/wp:paragraph --><!-- wp:paragraph --><\/p>\n<p>Bio je sumnji\u010den i da je planirao ubistva vo\u0111a ogranka ovog klana u Srbiji \u2013 Veljka Belivuka i Marka Miljkovi\u0107a, ali je ta istraga obustavljena.<\/p>\n<p><!-- \/wp:paragraph --><!-- wp:paragraph --><\/p>\n<p>Jedino su\u0111enje koje je postojalo u Crnoj Gori bilo je su\u0111enje za utaju<br \/>poreza po\u0161to je bio optu\u017een da je izbjegao da plati gotovo 23.000 evra poreza. Prije desert godina osu\u0111en je za u\u010destvovanje u poku\u0161aju ubistva, a sve kasnije istrage koje su se protiv njega vodile, poput istraga za poku\u0161aj ubistava \u010dlanova kava\u010dkog klana i Zvicerove supruge, su obustavljene.\u00a0<\/p>\n<p><!-- \/wp:paragraph --><!-- wp:paragraph --><\/p>\n<p>U Srbiji je\u00a0<strong><a href=\"https:\/\/www.krik.rs\/sud-potvrdio-vukoticu-15-meseci-zatvora\/\">o<em>su\u0111ivan zbog posjedovanja la\u017enog paso\u0161a<\/em><\/a><\/strong>, sa kojim je uhap\u0161en 2018. godine \u2013 u Turskoj.<\/p>\n<p><!-- \/wp:paragraph --><!-- wp:paragraph --><\/p>\n<p>On je tada na sudu ispri\u010dao da je ovaj paso\u0161 koristio jer se pla\u0161io za svoju bezbjednost i da bi informacije o njegovom kretanju pojedini crnogorski policajci mogli da prodaju kriminalcima koji ho\u0107e da ga ubiju.<\/p>\n<p><!-- \/wp:paragraph --><!-- wp:paragraph --><\/p>\n<p>Njegov strah je bio opravdan budu\u0107i da se navodno vi\u0161e puta na\u0161ao na meti ubica.\u00a0<\/p>\n<p><!-- \/wp:paragraph --><!-- wp:paragraph --><\/p>\n<p>Naime, u decembru 2019. godine, dok se nalazio u pritvoru u Srbiji i \u010dekao izru\u010denje u Crnu Goru, trojica mu\u0161karaca su, kako je najprije tvrdilo srpsko tu\u017eila\u0161tvo, planirala da ga otruju cijanidom. Ove optu\u017ebe su kasnije pale jer za njih nije bilo dokaza.<\/p>\n<p><!-- \/wp:paragraph --><!-- wp:paragraph --><\/p>\n<p>Sljede\u0107e godine tako\u0111e je, kako je tvrdio, poku\u0161ana njegova likvidacija. Dok je bio na razgovoru u policijskoj stanici u Kotoru, ispred je bio naoru\u017eani mu\u0161karac koji ga je navodno \u010dekao s namjerom da ga ubije.\u00a0<\/p>\n<p><!-- \/wp:paragraph --><!-- wp:paragraph --><\/p>\n<p>Srpska bezb<span lang=\"SR-LATN-RS\" style=\"mso-ansi-language: SR-LATN-RS;\">j<\/span>ednosno-informativna agencija je u izvje\u0161taju navela da je Vukoti\u0107ev \u0161kaljarski klan bio blizak sa Filipom Kora\u0107em, desnom rukom poznatog kriminalca Luke Bojovi\u0107a.<\/p>\n<p><!-- \/wp:paragraph --><!-- wp:paragraph --><\/p>\n<p>U ratu klanova ubijen je i njegov\u00a0<a href=\"https:\/\/www.krik.rs\/ko-je-bio-veselin-vukotic\/\" target=\"_blank\" rel=\"noopener\"><em><strong>otac Veselin Vukoti\u0107 ispred svoje ku\u0107e<\/strong><\/em><\/a>, dok je njegov brat Igor u bekstvu.<\/p>\n<p><!-- \/wp:paragraph --><!-- wp:paragraph --><\/p>\n<p>Kompletan profil ubijenog Jovana Vukoti\u0107a mo\u017eete pogledati u <em><a href=\"https:\/\/kriminal.me\/profili\/profil.php?id=3&amp;ime=Jovan-Vukoti%C4%87\"><strong>bazi \u010dlanova balkanskog podzemlja<\/strong><\/a><\/em>.<\/p>\n<p><!-- \/wp:paragraph --><\/p>\n<p class=\"MsoNormal\"><span lang=\"EN-GB\">\u00a0<\/span><\/p>","protected":false},"excerpt":{"rendered":"<p>Jovan Vukoti\u0107, vo\u0111a \u0161kaljarskog klana, ubijen je sino\u0107 u Istanbulu. Vukoti\u0107 je bio u bjekstvu nakon \u0161to je za njim bila raspisana potjernica zbog optu\u017ebi da je planirao ubistva pripadnika suprostavljenog klana. &nbsp;Vukoti\u0107 je optu\u017een da je podstrekavao na ubistvo svojih suparnika, vo\u0111a kava\u010dkog klana Radoja Zvicera i Slobodana Ka\u0161\u0107elana,&nbsp;i da je za njihove likvidacije [&hellip;]<\/p>\n","protected":false},"author":1,"featured_media":2213,"comment_status":"open","ping_status":"open","sticky":false,"template":"","format":"standard","meta":{"footnotes":""},"categories":[4],"tags":[125,123,122,38,46,85,109,90,124,45],"class_list":["post-2218","post","type-post","status-publish","format-standard","has-post-thumbnail","hentry","category-vijesti","tag-igor-dedovic","tag-istanbul","tag-jovan-vukotic","tag-kavacki-klan","tag-marko-miljkovic","tag-radoje-zvicer","tag-skaljski-klan","tag-tamara-zvicer","tag-turska","tag-veljko-belivuk"],"_links":{"self":[{"href":"https:\/\/kriminal.me\/index.php\/wp-json\/wp\/v2\/posts\/2218","targetHints":{"allow":["GET"]}}],"collection":[{"href":"https:\/\/kriminal.me\/index.php\/wp-json\/wp\/v2\/posts"}],"about":[{"href":"https:\/\/kriminal.me\/index.php\/wp-json\/wp\/v2\/types\/post"}],"author":[{"embeddable":true,"href":"https:\/\/kriminal.me\/index.php\/wp-json\/wp\/v2\/users\/1"}],"replies":[{"embeddable":true,"href":"https:\/\/kriminal.me\/index.php\/wp-json\/wp\/v2\/comments?post=2218"}],"version-history":[{"count":9,"href":"https:\/\/kriminal.me\/index.php\/wp-json\/wp\/v2\/posts\/2218\/revisions"}],"predecessor-version":[{"id":2230,"href":"https:\/\/kriminal.me\/index.php\/wp-json\/wp\/v2\/posts\/2218\/revisions\/2230"}],"wp:featuredmedia":[{"embeddable":true,"href":"https:\/\/kriminal.me\/index.php\/wp-json\/wp\/v2\/media\/2213"}],"wp:attachment":[{"href":"https:\/\/kriminal.me\/index.php\/wp-json\/wp\/v2\/media?parent=2218"}],"wp:term":[{"taxonomy":"category","embeddable":true,"href":"https:\/\/kriminal.me\/index.php\/wp-json\/wp\/v2\/categories?post=2218"},{"taxonomy":"post_tag","embeddable":true,"href":"https:\/\/kriminal.me\/index.php\/wp-json\/wp\/v2\/tags?post=2218"}],"curies":[{"name":"wp","href":"https:\/\/api.w.org\/{rel}","templated":true}]}}