

{"id":1955,"date":"2022-06-24T07:58:04","date_gmt":"2022-06-24T06:58:04","guid":{"rendered":"https:\/\/kriminal.me\/?p=1955"},"modified":"2022-06-24T07:58:05","modified_gmt":"2022-06-24T06:58:05","slug":"osumnjiceni-da-su-spremali-likvidacije","status":"publish","type":"post","link":"https:\/\/kriminal.me\/index.php\/2022\/06\/24\/osumnjiceni-da-su-spremali-likvidacije\/","title":{"rendered":"Osumnji\u010deni da su spremali likvidacije"},"content":{"rendered":"\n<blockquote class=\"wp-block-quote is-layout-flow wp-block-quote-is-layout-flow\"><p>Tu\u017eioci i inspektori Sektora za borbu protiv kriminala do dokaza protiv navodne kriminalne grupe do\u0161li su analiziraju\u0107i prepisku s kriptovane Sky ECC aplikacije, koju su im dostavile kolege iz Europola.<\/p><cite>Izvor: ND Vijesti<\/cite><\/blockquote>\n\n\n\n<p>Barane<strong>&nbsp;Stefana<\/strong>&nbsp;i&nbsp;<strong>Martina Jankovi\u0107a<\/strong>,&nbsp;<strong>Elvina<\/strong>&nbsp;i&nbsp;<strong>Eldina Muratovi\u0107a<\/strong>,&nbsp;<strong>Vladimira Ulamu<\/strong>,&nbsp;<strong>Marka Peruni\u010di\u0107a<\/strong>&nbsp;i&nbsp;<strong>Stefana Mi\u0107i\u0107a<\/strong>&nbsp;Specijalno dr\u017eavno tu\u017eila\u0161tvo (SDT) sumnji\u010di da su pripremali vi\u0161e likvidacija.<\/p>\n\n\n\n<p>Tu\u017eioci i inspektori Sektora za borbu protiv kriminala do tih dokaza, kako je \u201cVijestima\u201d nezvani\u010dno re\u010deno, do\u0161li su analiziraju\u0107i prepisku s kriptovane Sky ECC aplikacije, koju su im dostavile kolege iz Europola.<\/p>\n\n\n\n<p>Martin Jankovi\u0107 i Marko Peruni\u010di\u0107, koji su uhap\u0161eni prije dva dana, saslu\u0161ani su ju\u010de pred specijalnim tu\u017eiocem&nbsp;<strong>Miroslavom Turkovi\u0107em<\/strong>.<\/p>\n\n\n\n<p>Branioci Jankovi\u0107a, advokati&nbsp;<strong>Zoran Piperovi\u0107<\/strong>&nbsp;i&nbsp;<strong>Nikola Strugar<\/strong>&nbsp;potvrdili su da je tom Baraninu odre\u0111eno zadr\u017eavanje. Oni, me\u0111utim, nijesu \u017eeljeli da iznose detalje iz istrage, obrazla\u017eu\u0107i da je predmet ozna\u010den stepenom tajnosti.<\/p>\n\n\n\n<p>Tokom akcije hap\u0161enja u Baru policajcima je pobjegao Stefan Jankovi\u0107, \u010diju ku\u0107u su inspektori Specijalnog policijskog odjeljenja pretresali. Nakon \u0161to je krenuo da bje\u017ei, policajci su pucali uvis u znak upozorenja. Kriminalna grupa \u010diji \u010dlanovi su na spisku osumnji\u010denih bliska je \u0161kaljarskom kriminalnom klanu.<\/p>\n\n\n\n<p>Prema informacijama iz istrage, oni su, navodno, pripremali likvidaciju vi\u0161e pripadnika kava\u010dkog kriminalnog klana.<\/p>\n\n\n\n<p>Jednog od njih, Stefana Mici\u0107a SDT tereti i da je pripadnik kriminalnog klana koji su formirali Baranin Stefan \u0110uki\u0107 i Podgori\u010danin Emil Tuzovi\u0107, s ciljem likvidacije vi\u0161e osoba, me\u0111u kojima i biv\u0161eg glavnog specijalnog tu\u017eioca Milivoja Katni\u0107a, njegovog kolege tu\u017eioca Sa\u0161e \u010ca\u0111enovi\u0107a, sutkinje&nbsp;<strong>Biljane Uskokovi\u0107<\/strong>&nbsp;i visokih policijskih funkcionera.<\/p>\n\n\n\n<p>U spisima SDT-a pi\u0161e da je Mi\u0107i\u0107 prihvatio zadatak dvojice organizatora kriminalnog klana da otme, a potom i ubije smijenjenog pomo\u0107nika direktora Uprave policije&nbsp;<strong>Zorana Lazovi\u0107a<\/strong>. Nije, me\u0111utim, obja\u0161njeno kako je Mi\u0107i\u0107 planirao da otme Lazovi\u0107a. Navodi se da je Baranin, osim starijeg Lazovi\u0107a, pristao da otme i ubije jo\u0161 dvojicu slu\u017ebenika Uprave policije &#8211;&nbsp;<strong>Petra Lazovi\u0107a<\/strong>&nbsp;i&nbsp;<strong>Ivana \u0110okovi\u0107a<\/strong>.<\/p>\n\n\n\n<p>Ulama je oslobo\u0111en optu\u017ebi za otmicu i ubistvo Petrov\u010danina&nbsp;<strong>Nemanje Medina<\/strong>.<\/p>\n","protected":false},"excerpt":{"rendered":"<p>Tu\u017eioci i inspektori Sektora za borbu protiv kriminala do dokaza protiv navodne kriminalne grupe do\u0161li su analiziraju\u0107i prepisku s kriptovane Sky ECC aplikacije, koju su im dostavile kolege iz Europola. Izvor: ND Vijesti Barane&nbsp;Stefana&nbsp;i&nbsp;Martina Jankovi\u0107a,&nbsp;Elvina&nbsp;i&nbsp;Eldina Muratovi\u0107a,&nbsp;Vladimira Ulamu,&nbsp;Marka Peruni\u010di\u0107a&nbsp;i&nbsp;Stefana Mi\u0107i\u0107a&nbsp;Specijalno dr\u017eavno tu\u017eila\u0161tvo (SDT) sumnji\u010di da su pripremali vi\u0161e likvidacija. Tu\u017eioci i inspektori Sektora za borbu protiv [&hellip;]<\/p>\n","protected":false},"author":1,"featured_media":1956,"comment_status":"open","ping_status":"open","sticky":false,"template":"","format":"standard","meta":{"footnotes":""},"categories":[4],"tags":[114,113,38,112,111,109,29,110,116,13,115],"class_list":["post-1955","post","type-post","status-publish","format-standard","has-post-thumbnail","hentry","category-vijesti","tag-eldin-muratovic","tag-elvin-muratovic","tag-kavacki-klan","tag-marko-perunicic","tag-martin-jankovic","tag-skaljski-klan","tag-specijalno-drzavno-tuzilastvo","tag-stefan-jankovic","tag-stefan-micic","tag-uprava-policije-crne-gore","tag-vladimir-ulama"],"_links":{"self":[{"href":"https:\/\/kriminal.me\/index.php\/wp-json\/wp\/v2\/posts\/1955","targetHints":{"allow":["GET"]}}],"collection":[{"href":"https:\/\/kriminal.me\/index.php\/wp-json\/wp\/v2\/posts"}],"about":[{"href":"https:\/\/kriminal.me\/index.php\/wp-json\/wp\/v2\/types\/post"}],"author":[{"embeddable":true,"href":"https:\/\/kriminal.me\/index.php\/wp-json\/wp\/v2\/users\/1"}],"replies":[{"embeddable":true,"href":"https:\/\/kriminal.me\/index.php\/wp-json\/wp\/v2\/comments?post=1955"}],"version-history":[{"count":1,"href":"https:\/\/kriminal.me\/index.php\/wp-json\/wp\/v2\/posts\/1955\/revisions"}],"predecessor-version":[{"id":1957,"href":"https:\/\/kriminal.me\/index.php\/wp-json\/wp\/v2\/posts\/1955\/revisions\/1957"}],"wp:featuredmedia":[{"embeddable":true,"href":"https:\/\/kriminal.me\/index.php\/wp-json\/wp\/v2\/media\/1956"}],"wp:attachment":[{"href":"https:\/\/kriminal.me\/index.php\/wp-json\/wp\/v2\/media?parent=1955"}],"wp:term":[{"taxonomy":"category","embeddable":true,"href":"https:\/\/kriminal.me\/index.php\/wp-json\/wp\/v2\/categories?post=1955"},{"taxonomy":"post_tag","embeddable":true,"href":"https:\/\/kriminal.me\/index.php\/wp-json\/wp\/v2\/tags?post=1955"}],"curies":[{"name":"wp","href":"https:\/\/api.w.org\/{rel}","templated":true}]}}