

{"id":1700,"date":"2022-06-18T07:47:12","date_gmt":"2022-06-18T06:47:12","guid":{"rendered":"https:\/\/kriminal.me\/?p=1700"},"modified":"2022-06-18T07:47:13","modified_gmt":"2022-06-18T06:47:13","slug":"nastavak-krvavog-rata-sakovic-ubijen-u-budvi","status":"publish","type":"post","link":"https:\/\/kriminal.me\/index.php\/2022\/06\/18\/nastavak-krvavog-rata-sakovic-ubijen-u-budvi\/","title":{"rendered":"Nastavak krvavog rata: \u0160akovi\u0107 ubijen u Budvi"},"content":{"rendered":"\n<blockquote class=\"wp-block-quote is-layout-flow wp-block-quote-is-layout-flow\"><p><em>Podgori\u010danin Mili\u0107-Minja \u0160akovi\u0107 ubijen je sino\u0107 u u pucnjavi kod bedema budvanskog Starog grada, oko 23.40 \u010dasova. Iz policije su kazali da je \u0160akovi\u0107 ubijen u budvanskom kafi\u0107u \u201cKorkovado\u201d. Prema policijskim evidencijama, \u0160akovi\u0107 je smatran za istaknutog \u010dlana \u201c\u0160kaljarskog klana\u201d.<\/em><\/p><cite>Izvor: MANS<\/cite><\/blockquote>\n\n\n\n<p>&#8220;Ve\u010deras je do\u0161lo do upotrebe vatrenog oru\u017eja u Budvi, ispred zidina Starog grada, kojom prilikom je jedno lice smrtno stradalo. Rije\u010d je o M.\u0160.. Policija u saradnji sa nadle\u017enim tu\u017eila\u0161tvom preduzima aktivnosti na rasvjetljavanju doga\u0111aja, o \u010dijem ishodu \u0107e javnost biti blagovremeno obavije\u0161tena&#8221;, saop\u0161teno je iz Uprave policije.<\/p>\n\n\n\n<p>Dr\u017eavna tu\u017eiteljka Ana Radovi\u0107 saop\u0161tila je za TVCG da je u \u0160akovi\u0107a iz neposredne blizine ispaljeno vi\u0161e projektila.<\/p>\n\n\n\n<p>\u201cTokom uvi\u0111aja izuzeto je vi\u0161e tragova, sa vi\u0161e mjesta, i svi oni \u0107e biti predmet odgovaraju\u0107ih vje\u0161ta\u010denja. Nalo\u017eila sam i obdukciju tijela\u201d, saop\u0161tila je Radovi\u0107.<\/p>\n\n\n\n<p>\u0160akovi\u0107 je 8. septembra 2017. godine pre\u017eivio nakon \u0161to su mu ubice iz automatske pu\u0161ke sa pet metaka pucale u grudi u kafeu &#8220;Auto Zete&#8221; u centru Podgorice kada je \u010dekao da mu u servisu operu automobil.<\/p>\n\n\n\n<p>Tog dana u mafija\u0161kom napadu ubijen je Podgori\u010danin Ivan Nedovi\u0107, sin vlasnika auto-servisa, za koga se pretpostavlja da je bio nedu\u017ena \u017ertva poku\u0161aja ubistva \u0160akovi\u0107a. <\/p>\n\n\n\n<p>Policija je po\u010detkom marta 2021. godine uhapsila peto\u010dlanu organizovanu kriminalnu grupu, kojoj se na teret stavlja planiranje ubistva Mili\u0107a Minje \u0160akovi\u0107a.<\/p>\n","protected":false},"excerpt":{"rendered":"<p>Podgori\u010danin Mili\u0107-Minja \u0160akovi\u0107 ubijen je sino\u0107 u u pucnjavi kod bedema budvanskog Starog grada, oko 23.40 \u010dasova. Iz policije su kazali da je \u0160akovi\u0107 ubijen u budvanskom kafi\u0107u \u201cKorkovado\u201d. Prema policijskim evidencijama, \u0160akovi\u0107 je smatran za istaknutog \u010dlana \u201c\u0160kaljarskog klana\u201d. Izvor: MANS &#8220;Ve\u010deras je do\u0161lo do upotrebe vatrenog oru\u017eja u Budvi, ispred zidina Starog grada, [&hellip;]<\/p>\n","protected":false},"author":1,"featured_media":1701,"comment_status":"open","ping_status":"open","sticky":false,"template":"","format":"standard","meta":{"footnotes":""},"categories":[4],"tags":[38,108,109,28],"class_list":["post-1700","post","type-post","status-publish","format-standard","has-post-thumbnail","hentry","category-vijesti","tag-kavacki-klan","tag-minja-sakovic","tag-skaljski-klan","tag-uprava-policije"],"_links":{"self":[{"href":"https:\/\/kriminal.me\/index.php\/wp-json\/wp\/v2\/posts\/1700","targetHints":{"allow":["GET"]}}],"collection":[{"href":"https:\/\/kriminal.me\/index.php\/wp-json\/wp\/v2\/posts"}],"about":[{"href":"https:\/\/kriminal.me\/index.php\/wp-json\/wp\/v2\/types\/post"}],"author":[{"embeddable":true,"href":"https:\/\/kriminal.me\/index.php\/wp-json\/wp\/v2\/users\/1"}],"replies":[{"embeddable":true,"href":"https:\/\/kriminal.me\/index.php\/wp-json\/wp\/v2\/comments?post=1700"}],"version-history":[{"count":1,"href":"https:\/\/kriminal.me\/index.php\/wp-json\/wp\/v2\/posts\/1700\/revisions"}],"predecessor-version":[{"id":1702,"href":"https:\/\/kriminal.me\/index.php\/wp-json\/wp\/v2\/posts\/1700\/revisions\/1702"}],"wp:featuredmedia":[{"embeddable":true,"href":"https:\/\/kriminal.me\/index.php\/wp-json\/wp\/v2\/media\/1701"}],"wp:attachment":[{"href":"https:\/\/kriminal.me\/index.php\/wp-json\/wp\/v2\/media?parent=1700"}],"wp:term":[{"taxonomy":"category","embeddable":true,"href":"https:\/\/kriminal.me\/index.php\/wp-json\/wp\/v2\/categories?post=1700"},{"taxonomy":"post_tag","embeddable":true,"href":"https:\/\/kriminal.me\/index.php\/wp-json\/wp\/v2\/tags?post=1700"}],"curies":[{"name":"wp","href":"https:\/\/api.w.org\/{rel}","templated":true}]}}