

{"id":1659,"date":"2022-06-14T11:39:28","date_gmt":"2022-06-14T10:39:28","guid":{"rendered":"https:\/\/kriminal.me\/?p=1659"},"modified":"2022-06-14T11:39:29","modified_gmt":"2022-06-14T10:39:29","slug":"odlozeno-sudenje-za-ubistvo-durickovica","status":"publish","type":"post","link":"https:\/\/kriminal.me\/index.php\/2022\/06\/14\/odlozeno-sudenje-za-ubistvo-durickovica\/","title":{"rendered":"Odlo\u017eeno su\u0111enje za ubistvo \u0110uri\u010dkovi\u0107a"},"content":{"rendered":"\n<blockquote class=\"wp-block-quote is-layout-flow wp-block-quote-is-layout-flow\"><p><em>Za ubistvo Radomira \u0110uri\u010dkovi\u0107a su osumnji\u010deni Vukan Vuja\u010di\u0107, Igor Ma\u0161anovi\u0107 i Mario Milo\u0161evi\u0107. Oni su u julu 2018. godine uhap\u0161eni na Kosovu, a potom izru\u010deni Crnoj Gori gdje su optu\u017eeni za ovo ubistvo.<\/em><\/p><cite>Izvor: MANS<\/cite><\/blockquote>\n\n\n\n<p>Su\u0111enje Milo\u0161evi\u0107u, <em>Vuja\u010di\u0107<\/em> i <em>Ma\u0161anovi\u0107<\/em>u a za ubistvo Radomira \u0110uri\u010dkovi\u0107a odlo\u017eeno je danas u Vi\u0161em sudu u Podgorici za 4 jul. ove godine zbog slu\u017ebenog odsustva predsjednika vije\u0107a.<\/p>\n\n\n\n<p>\u0110uri\u010dkovi\u0107 je ubije u oktobru 2016. godine u blizini svoje ku\u0107e na Cetinju. <\/p>\n\n\n\n<p>Milo\u0161evi\u0107, Vuja\u010di\u0107 i Ma\u0161anovi\u0107 optu\u017eeni su da su kao saizvr\u0161ioci ubili \u0110uri\u010dkovi\u0107a i sa umi\u0161lajem doveli u opasnost \u017eivot Milorada Radulovi\u0107a.<\/p>\n\n\n\n<p>Prema navodima optu\u017enice, optu\u017eeni su nakon kra\u0107eg pra\u0107enja sa\u010dekali da Djuri\u010dkovi\u0107 u\u0111e u svoje vozilo \u201etiguan\u201c, a o\u0161te\u0107eni Radulovi\u0107 na mjesto suvoza\u010da. Kada je \u0110uri\u010dkovi\u0107 krenuo vozilom u pravcu Bajove ulice, okrivljeni Ma\u0161anovi\u0107 je vozilom \u201ereno megan\u201c u\u0161ao u suprotnu kolovoznu traku.<\/p>\n\n\n\n<p>\u0110uri\u010dkovi\u0107 je bio prinu\u0111en da zaustavi vozilo, nakon \u010dega je okrivljeni Milo\u0161evi\u0107 s mjesta suvoza\u010da, iz automatske pu\u0161ke ispalio vi\u0161e hitaca u njegovom pravcu.<\/p>\n\n\n\n<p>Milo\u0161evi\u0107, Ma\u0161anovi\u0107 i Vuja\u010di\u0107 nakon ubistva pobjegli su vozilom \u201creno megan\u201d, iz kojeg je pucano na \u0110uri\u010dkovi\u0107a, i uputili se u pravcu seoskog puta Gornji Ceklin &#8211; Ljubotinj, navodi se u optu\u017enici.<\/p>\n\n\n\n<p>\u201cGdje su zapalili putni\u010dko vozilo&#8230; u kojem su prethodno ostavili navedenu automatsku pu\u0161ku koja je kori\u0161\u0107ena u izvr\u0161enju krivi\u010dnog djela, a zatim se udaljili u nepoznatom pravcu\u201d, pi\u0161e u optu\u017enici.<\/p>\n\n\n\n<p>Prema pisanju medija, \u0110uri\u010dkovi\u0107 je bio kum Cetinjanina Gorana Radomana koji je u februaru 2015. ubijen u Beogradu i u ro\u0111a\u010dkim vezama sa pokojnim Goranom \u0110uri\u010dkovi\u0107em, koji je krajem oktobra 2015. godine likvidiran u Budvi.\u00a0Radomana su bezbednosne slu\u017ebe ozna\u010dile kao \u010dlana kriminalnog \u201e\u0161kaljarskog klana\u201c iz Kotora.<\/p>\n\n\n\n<p><\/p>\n","protected":false},"excerpt":{"rendered":"<p>Za ubistvo Radomira \u0110uri\u010dkovi\u0107a su osumnji\u010deni Vukan Vuja\u010di\u0107, Igor Ma\u0161anovi\u0107 i Mario Milo\u0161evi\u0107. Oni su u julu 2018. godine uhap\u0161eni na Kosovu, a potom izru\u010deni Crnoj Gori gdje su optu\u017eeni za ovo ubistvo. Izvor: MANS Su\u0111enje Milo\u0161evi\u0107u, Vuja\u010di\u0107 i Ma\u0161anovi\u0107u a za ubistvo Radomira \u0110uri\u010dkovi\u0107a odlo\u017eeno je danas u Vi\u0161em sudu u Podgorici za 4 [&hellip;]<\/p>\n","protected":false},"author":1,"featured_media":1660,"comment_status":"open","ping_status":"open","sticky":false,"template":"","format":"standard","meta":{"footnotes":""},"categories":[4],"tags":[100,99,98],"class_list":["post-1659","post","type-post","status-publish","format-standard","has-post-thumbnail","hentry","category-vijesti","tag-igor-masanovic","tag-mario-milosevic","tag-radomir-durickovic"],"_links":{"self":[{"href":"https:\/\/kriminal.me\/index.php\/wp-json\/wp\/v2\/posts\/1659","targetHints":{"allow":["GET"]}}],"collection":[{"href":"https:\/\/kriminal.me\/index.php\/wp-json\/wp\/v2\/posts"}],"about":[{"href":"https:\/\/kriminal.me\/index.php\/wp-json\/wp\/v2\/types\/post"}],"author":[{"embeddable":true,"href":"https:\/\/kriminal.me\/index.php\/wp-json\/wp\/v2\/users\/1"}],"replies":[{"embeddable":true,"href":"https:\/\/kriminal.me\/index.php\/wp-json\/wp\/v2\/comments?post=1659"}],"version-history":[{"count":1,"href":"https:\/\/kriminal.me\/index.php\/wp-json\/wp\/v2\/posts\/1659\/revisions"}],"predecessor-version":[{"id":1661,"href":"https:\/\/kriminal.me\/index.php\/wp-json\/wp\/v2\/posts\/1659\/revisions\/1661"}],"wp:featuredmedia":[{"embeddable":true,"href":"https:\/\/kriminal.me\/index.php\/wp-json\/wp\/v2\/media\/1660"}],"wp:attachment":[{"href":"https:\/\/kriminal.me\/index.php\/wp-json\/wp\/v2\/media?parent=1659"}],"wp:term":[{"taxonomy":"category","embeddable":true,"href":"https:\/\/kriminal.me\/index.php\/wp-json\/wp\/v2\/categories?post=1659"},{"taxonomy":"post_tag","embeddable":true,"href":"https:\/\/kriminal.me\/index.php\/wp-json\/wp\/v2\/tags?post=1659"}],"curies":[{"name":"wp","href":"https:\/\/api.w.org\/{rel}","templated":true}]}}