

{"id":1651,"date":"2022-06-13T14:48:26","date_gmt":"2022-06-13T13:48:26","guid":{"rendered":"https:\/\/kriminal.me\/?p=1651"},"modified":"2022-06-14T11:23:13","modified_gmt":"2022-06-14T10:23:13","slug":"nastavljeno-sudenje-vodi-kavackog-klana-zbog-laznog-pasosa","status":"publish","type":"post","link":"https:\/\/kriminal.me\/index.php\/2022\/06\/13\/nastavljeno-sudenje-vodi-kavackog-klana-zbog-laznog-pasosa\/","title":{"rendered":"Nastavljeno su\u0111enje vo\u0111i kava\u010dkog klana zbog la\u017enog paso\u0161a"},"content":{"rendered":"\n<blockquote class=\"wp-block-quote is-layout-flow wp-block-quote-is-layout-flow\"><p><strong>Na su\u0111enju vo\u0111i kava\u010dkog klana Radoju Zviceru zbog kori\u0161\u0107enja la\u017enog paso\u0161a danas je u Vi\u0161em sudu u Novom Sadu svedo\u010dio Branislav \u0110ur\u0111ev, nekada\u0161nji \u0161ef odseka za upravne poslove novosadske policijske uprave. Zviceru je u bekstvu, a uprkos optu\u017ebama vrha vlasti da priprema atentat na predsednika dr\u017eave Aleksandra Vu\u010di\u0107a ovo je jedini postupak koji se protiv njega vodi u Srbiji.<\/strong><\/p><cite>Izvor: <em>Jelena Radivojevi\u0107&nbsp;<\/em>(KRIK)<\/cite><\/blockquote>\n\n\n\n<p>Zviceru je u dolasku do la\u017enih li\u010dne karte i paso\u0161a navodno pomogao policajac Milenko \u0110uki\u0107 koji je optu\u017een da mu je u periodu od 2015. do 2017. nabavio izvod iz mati\u010dne knjige ro\u0111enih na ime Slobodan Zec i la\u017eno ga prijavio na adresi kod svog kom\u0161ije u Temerinu<\/p>\n\n\n\n<p>Tu\u017eila\u0161tvo tvrdi da je uvidom u policijski sistem \u0110uki\u0107 video da se Zec odselio u Australiju jo\u0161 1998, te da njegov otisak prsta, potpis i fotografija nisu u policijskoj bazi zbog \u010dega je bilo pogodno iskoristiti njegove podatke.<\/p>\n\n\n\n<p>\u0110uki\u0107 je na pro\u0161lom su\u0111enju&nbsp;<a href=\"https:\/\/www.krik.rs\/vodji-kavackog-klana-sudi-se-zbog-laznih-dokumenata\/\" target=\"_blank\" rel=\"noreferrer noopener\">rekao da nije kriv i da je mislio da se zaista radi o Slobodanu Zecu<\/a>. Ispri\u010dao je da ga je sa Zvicerom upoznao Davorin Balti\u0107, ina\u010de bitan \u010dlan kava\u010dkog klana ubijen u januaru 2018. i tvrdio da do ubistva nije znao da je Balti\u0107 iz kriminogene sredine.<\/p>\n\n\n\n<p>Danas je svedo\u010dio Branislav \u0110ur\u0111ev, nekada\u0161nji \u0161ef odseka za upravne poslove policijske uprave Novi Sad, koji je govorio o pravilima koja va\u017ee kada se nekome prvi put izdaje li\u010dna karta, kakav je slu\u010daj bio sa Slobodanom Zecom, odnosno Zvicerom.<\/p>\n\n\n\n<p>\u0110ur\u0111ev je ispri\u010dao da je dovoljno da osoba koja se prijavljuje na odre\u0111enu adresu donese originalni vlasni\u010dki list i li\u010dnu kartu vlasnika nekretnine i time se smatra da postoji njegova saglasnost.<\/p>\n\n\n\n<p>Objasnio je i da se, ukoliko neko prvi put vadi biometrijski dokument u Srbiji, njegov identitet utvr\u0111uje izjavom dva svedoka ili stranim dokumentom, ali da se taj predmet u svakom slu\u010daju \u0161alje na proveru statusa dr\u017eavljanstva u Beograd. Tek nakon toga, tvrdi on, pristupilo bi se izradi dokumenata.&nbsp;<\/p>\n\n\n\n<p>Sudiju Anu Stamenkovi\u0107 zanimalo je da li je bilo potrebno i da dva svedoka posvedo\u010de o identitetu i da se prilo\u017ei strani dokument ili samo jedno od ta dva, ali je \u0110ur\u0111ev rekao da se, zbog protoka vremena, ne se\u0107a.<\/p>\n\n\n\n<p>Su\u0111enje \u0107e biti nastavljeno sredinom septembra do kada bi trebalo da sud pribavi podatke o tome kada je \u0110uki\u0107 bio na odmoru i da li je uop\u0161te mogao da vr\u0161i provere za Zvicera, a \u0161to mu tu\u017eila\u0161tvo stavlja na teret.<\/p>\n\n\n\n<p>Zviceru se sudi u odsustvu, jer je u bekstvu. On je, pi\u0161e u optu\u017enici, \u0161est puta tokom 2015. i 2016. koristio la\u017eni paso\u0161 za prelazak granice.<\/p>\n\n\n\n<p>Uprkos tome \u0161to je policija Zvicera ozna\u010dila kao vo\u0111u kava\u010dkog klana, a predstavnici vlasti ga optu\u017eivali za brojna krivi\u010dna dela, pa i planiranje ubistva predsednika Srbije Aleksandra Vu\u010di\u0107a, ovo je za sada jedini postupak koji se protiv njega vodi u Srbiji.<\/p>\n\n\n\n<p><strong>Optu\u017ebe u Crnoj Gori<\/strong><\/p>\n\n\n\n<p>Predsednik Vu\u010di\u0107 rekao je da su Veljko Belivuk i njegova grupa, koji su radili pod okriljem kava\u010dkog klana, od svojih \u017ertava pravili \u0107evape i slali ih Zviceru. Zvicer, me\u0111utim, nije optu\u017een u ovom slu\u010daju.<\/p>\n\n\n\n<p>Ministar policije Srbije Aleksandar Vulin optu\u017eio je Zvicera da je pripremao likvidaciju srpskog predsednika, me\u0111utim, nije poznato da li se protiv njega zbog ovoga vodi bilo kakva istraga.<\/p>\n\n\n\n<p>Kava\u010dki klan je od 2014. u sukobu sa suparni\u010dkim \u0161kaljarskim u kome je ubijeno vi\u0161e od 60 osoba, a i on sam bio je meta \u2013 \u010dlanovi \u0161kaljarskog klana&nbsp;<a href=\"https:\/\/www.krik.rs\/vodja-kavackog-klana-tesko-ranjen-u-ukrajini\/\" target=\"_blank\" rel=\"noreferrer noopener\">poku\u0161ali su da ga ubiju u Kijevu u maju 2020.<\/a>&nbsp;i te\u0161ko ga ranili, ali je pre\u017eiveo. Kako je otkrio KRIK sa kolegama iz ukrajinskog Slidstva, optu\u017eeni za poku\u0161aj ubistva imali su&nbsp;<a href=\"https:\/\/www.krik.rs\/ukrajinski-policajci-pomogli-skaljarskom-klanu-u-pokusaju-likvidacije\/\" target=\"_blank\" rel=\"noreferrer noopener\">pomo\u0107 tamo\u0161njih policajaca<\/a>.<\/p>\n\n\n\n<p>Zvicer je u Crnoj Gori u oktobru pro\u0161le godine optu\u017een za stvaranje kriminalne organizacije, ubistvo i planiranje likvidacije, ali ova optu\u017enica jo\u0161 nije potvr\u0111ena. Osim njega, na optu\u017enici je i Slobodan Ka\u0161\u0107elan, koga tu\u017eila\u0161tvo tako\u0111e ozna\u010dava kao vo\u0111u kava\u010dkog klana.&nbsp;<\/p>\n\n\n\n<p>Kava\u010dki klan je imao duboke veze u policiji i dr\u017eavi, a tu\u017eila\u0161tvo ih do danas&nbsp;<a href=\"https:\/\/www.krik.rs\/rat-balkanskog-podzemlja-ubistva-veze-u-policiji-i-u-vrhu-drzave\/\" target=\"_blank\" rel=\"noreferrer noopener\">nije do kraja ispitalo<\/a>.&nbsp;&nbsp;<\/p>\n","protected":false},"excerpt":{"rendered":"<p>Na su\u0111enju vo\u0111i kava\u010dkog klana Radoju Zviceru zbog kori\u0161\u0107enja la\u017enog paso\u0161a danas je u Vi\u0161em sudu u Novom Sadu svedo\u010dio Branislav \u0110ur\u0111ev, nekada\u0161nji \u0161ef odseka za upravne poslove novosadske policijske uprave. Zviceru je u bekstvu, a uprkos optu\u017ebama vrha vlasti da priprema atentat na predsednika dr\u017eave Aleksandra Vu\u010di\u0107a ovo je jedini postupak koji se protiv [&hellip;]<\/p>\n","protected":false},"author":1,"featured_media":1652,"comment_status":"open","ping_status":"open","sticky":false,"template":"","format":"standard","meta":{"footnotes":""},"categories":[4],"tags":[],"class_list":["post-1651","post","type-post","status-publish","format-standard","has-post-thumbnail","hentry","category-vijesti"],"_links":{"self":[{"href":"https:\/\/kriminal.me\/index.php\/wp-json\/wp\/v2\/posts\/1651","targetHints":{"allow":["GET"]}}],"collection":[{"href":"https:\/\/kriminal.me\/index.php\/wp-json\/wp\/v2\/posts"}],"about":[{"href":"https:\/\/kriminal.me\/index.php\/wp-json\/wp\/v2\/types\/post"}],"author":[{"embeddable":true,"href":"https:\/\/kriminal.me\/index.php\/wp-json\/wp\/v2\/users\/1"}],"replies":[{"embeddable":true,"href":"https:\/\/kriminal.me\/index.php\/wp-json\/wp\/v2\/comments?post=1651"}],"version-history":[{"count":2,"href":"https:\/\/kriminal.me\/index.php\/wp-json\/wp\/v2\/posts\/1651\/revisions"}],"predecessor-version":[{"id":1658,"href":"https:\/\/kriminal.me\/index.php\/wp-json\/wp\/v2\/posts\/1651\/revisions\/1658"}],"wp:featuredmedia":[{"embeddable":true,"href":"https:\/\/kriminal.me\/index.php\/wp-json\/wp\/v2\/media\/1652"}],"wp:attachment":[{"href":"https:\/\/kriminal.me\/index.php\/wp-json\/wp\/v2\/media?parent=1651"}],"wp:term":[{"taxonomy":"category","embeddable":true,"href":"https:\/\/kriminal.me\/index.php\/wp-json\/wp\/v2\/categories?post=1651"},{"taxonomy":"post_tag","embeddable":true,"href":"https:\/\/kriminal.me\/index.php\/wp-json\/wp\/v2\/tags?post=1651"}],"curies":[{"name":"wp","href":"https:\/\/api.w.org\/{rel}","templated":true}]}}