

{"id":1556,"date":"2022-06-13T08:19:33","date_gmt":"2022-06-13T07:19:33","guid":{"rendered":"https:\/\/kriminal.me\/?p=1556"},"modified":"2022-06-13T08:19:34","modified_gmt":"2022-06-13T07:19:34","slug":"u-luci-bar-zaplijenjeno-4-000-paketa-cigareta","status":"publish","type":"post","link":"https:\/\/kriminal.me\/index.php\/2022\/06\/13\/u-luci-bar-zaplijenjeno-4-000-paketa-cigareta\/","title":{"rendered":"U Luci Bar zaplijenjeno 4.000 paketa cigareta"},"content":{"rendered":"\n<blockquote class=\"wp-block-quote is-layout-flow wp-block-quote-is-layout-flow\"><p><em>\u010cetiri hiljade paketa cigareta raznih brendova, vrijednih oko 3,5 miliona eura, zaplijenjeno je u ju\u010dera\u0161njoj akciji &#8220;Tranzit&#8221;, koju su u Luci Bar izveli carinici u saradnji sa Ministarstvom unutra\u0161nih poslova (MUP) i Upravom policije (UP) saznaje Televizija Vijesti.<\/em><\/p><cite>Svetlana \u0110oki\u0107 (TV Viijesti)<\/cite><\/blockquote>\n\n\n\n<p>Izvori TV Vijesti otkrivaju da su zaplijenjene cigarete vlasni\u0161tvo firme &#8220;Lenira international&#8221;, iz ameri\u010dke savezne dr\u017eave Delaver, kao i da za sada niko nije procesuiran.<\/p>\n\n\n\n<p>Cigarete su, obja\u0161njavaju sagovornici TV Vijesti, zaplijenjene u skladu sa carinskim zakonom.<\/p>\n\n\n\n<p>Akcijom je rukovodio direktor Uprave prihoda i carina (UPC) Rade Milo\u0161evi\u0107, kojem je od imenovanja ovo tre\u0107a zaplijena, a kako pouzdano saznaje Televizija Vijesti, ve\u0107 narednih dana se mogu o\u010dekivati nove.<\/p>\n\n\n\n<p>Milo\u0161evi\u0107, kako saznaje TV Vijesti, u cilju detaljnih provjera, planira zaklju\u010davanje svih kontejnera u Slobodnoj zoni Luke Bar, tako da oni ne\u0107e mo\u0107i iza\u0107i iz zone bez odobrenja UPC.<\/p>\n\n\n\n<p>Sagovornici TV Vijesti, zbog istrage koja je u toku, nisu mogli da saop\u0161te vi\u0161e detalja o akciji ali isti\u010du da se prikupljaju dokazi o poslovanju firme u \u010dijem vlasni\u0161tvu su bile sporne cigarete, ali i crnogorskih firmi, koje se bave \u0161pedicijom.<\/p>\n\n\n\n<p>Iz UPC je zvani\u010dno saop\u0161teno da je ta institucija u saradnji sa MUP Crne Gore i Upravom policije, realizovala novu akciju u cilju obra\u010duna sa \u0161vercom cigareta.<\/p>\n\n\n\n<p>&#8220;U Luci Bar oduzeto je osam kontejnera, okvirno 4.000 paketa cigareta, \u010dija je vrijednost oko 3,5 miliona eura. Vlasnik cigareta je kompanija &#8220;Lenora International&#8221;, uvezana sa firmom &#8220;Playmaker&#8221;. U toku proteklih mjesec dana, od dolaska nove uprave, intenzivirana je borba protiv \u0161verca cigareta, o \u010demu svjedo\u010di \u010dinjenica da je ovo ve\u0107 tre\u0107a velika akcija zapljene. U pomenutom periodu nadle\u017ene slu\u017ebe u Crnoj Gori zaplijenile su vi\u0161e cigareta nego bilo koja zemlja Evrope&#8221;, pi\u0161e u saop\u0161tenju UPC.<\/p>\n\n\n\n<p>&#8220;Koordiniranim akcijama i saradnjom popravljamo imid\u017e dr\u017eave i ne\u0107emo stati u namjeri da \u0161verc cigareta preko na\u0161e dr\u017eave odlu\u010dno suzbijamo, jer Luka Bar treba da postane okosnica razvoja Crne Gore, a ne \u0161vercerska ta\u010dka&#8221;, navodi se u saop\u0161tenju UPC.<\/p>\n","protected":false},"excerpt":{"rendered":"<p>\u010cetiri hiljade paketa cigareta raznih brendova, vrijednih oko 3,5 miliona eura, zaplijenjeno je u ju\u010dera\u0161njoj akciji &#8220;Tranzit&#8221;, koju su u Luci Bar izveli carinici u saradnji sa Ministarstvom unutra\u0161nih poslova (MUP) i Upravom policije (UP) saznaje Televizija Vijesti. Svetlana \u0110oki\u0107 (TV Viijesti) Izvori TV Vijesti otkrivaju da su zaplijenjene cigarete vlasni\u0161tvo firme &#8220;Lenira international&#8221;, iz [&hellip;]<\/p>\n","protected":false},"author":1,"featured_media":1557,"comment_status":"open","ping_status":"open","sticky":false,"template":"","format":"standard","meta":{"footnotes":""},"categories":[4],"tags":[7,47,94,10],"class_list":["post-1556","post","type-post","status-publish","format-standard","has-post-thumbnail","hentry","category-vijesti","tag-luka-bar","tag-rade-milosevic","tag-sverc-cigareta","tag-uprava-prihoda-i-carina"],"_links":{"self":[{"href":"https:\/\/kriminal.me\/index.php\/wp-json\/wp\/v2\/posts\/1556","targetHints":{"allow":["GET"]}}],"collection":[{"href":"https:\/\/kriminal.me\/index.php\/wp-json\/wp\/v2\/posts"}],"about":[{"href":"https:\/\/kriminal.me\/index.php\/wp-json\/wp\/v2\/types\/post"}],"author":[{"embeddable":true,"href":"https:\/\/kriminal.me\/index.php\/wp-json\/wp\/v2\/users\/1"}],"replies":[{"embeddable":true,"href":"https:\/\/kriminal.me\/index.php\/wp-json\/wp\/v2\/comments?post=1556"}],"version-history":[{"count":1,"href":"https:\/\/kriminal.me\/index.php\/wp-json\/wp\/v2\/posts\/1556\/revisions"}],"predecessor-version":[{"id":1558,"href":"https:\/\/kriminal.me\/index.php\/wp-json\/wp\/v2\/posts\/1556\/revisions\/1558"}],"wp:featuredmedia":[{"embeddable":true,"href":"https:\/\/kriminal.me\/index.php\/wp-json\/wp\/v2\/media\/1557"}],"wp:attachment":[{"href":"https:\/\/kriminal.me\/index.php\/wp-json\/wp\/v2\/media?parent=1556"}],"wp:term":[{"taxonomy":"category","embeddable":true,"href":"https:\/\/kriminal.me\/index.php\/wp-json\/wp\/v2\/categories?post=1556"},{"taxonomy":"post_tag","embeddable":true,"href":"https:\/\/kriminal.me\/index.php\/wp-json\/wp\/v2\/tags?post=1556"}],"curies":[{"name":"wp","href":"https:\/\/api.w.org\/{rel}","templated":true}]}}