

{"id":1461,"date":"2022-04-26T08:06:00","date_gmt":"2022-04-26T07:06:00","guid":{"rendered":"https:\/\/kriminal.me\/?p=1461"},"modified":"2022-06-07T08:15:03","modified_gmt":"2022-06-07T07:15:03","slug":"kako-je-porodica-medenice-stekla-vrijedne-nekretnine-u-kolasinu-od-kuma-plac-kuca-kostala-najmanje-125-000-eura","status":"publish","type":"post","link":"https:\/\/kriminal.me\/index.php\/2022\/04\/26\/kako-je-porodica-medenice-stekla-vrijedne-nekretnine-u-kolasinu-od-kuma-plac-kuca-kostala-najmanje-125-000-eura\/","title":{"rendered":"Kako je porodica Medenice stekla vrijedne nekretnine: OD KUMA PLAC, KU\u0106A KO\u0160TALA NAJMANJE 125.000 EURA"},"content":{"rendered":"\n<blockquote class=\"wp-block-quote is-layout-flow wp-block-quote-is-layout-flow\"><p>K\u0107erka biv\u0161e predsjednice Vrhovnog suda, Vesne Medenice, Marija, sredinom 2018. godine je od kontroverznog tivatskog biznismena Rada Arsi\u0107a dobila na poklon zemlji\u0161te u Kola\u0161inu vrijedno 21 hiljadu eura, pokazuju podaci do kojih je do\u0161ao Istra\u017eiva\u010dki centar MANS-a.\u00a0 Danas se na toj parceli nalazi velelepna vila, a Arsi\u0107 tvrdi da se radi o kumovskom, a ne poslovnom odnosu.<\/p><cite>Autor: Dejan Milovac, Istra\u017eiva\u010dki centar MANSa<\/cite><\/blockquote>\n\n\n\n<p>K\u0107erka Vesne Medenice, biv\u0161e predsjednice Vrhovnog suda, Marija Medenica, krajem jula 2018. godine stavila je svoj potpis na ugovor kojim potvr\u0111uje da je u ime svoje maloljetne k\u0107erke D.D. primila poklon od tivatskog biznismena Rada Arsi\u0107a, vrijedan 21 hiljadu eura.<\/p>\n\n\n\n<p>Poklon se sastojao od parcele povr\u0161ine 586 kvadratnih metara, u samom centru Kola\u0161ina. U ugovoru o poklonu do kojeg je do\u0161ao Istra\u017eiva\u010dki centar MANSa navodi se da Arsi\u0107 maloljetnoj\u00a0 D.D. parcelu poklanja \u201ckao izraz zahvalnosti\u201d.<\/p>\n\n\n\n<figure class=\"wp-block-image size-large\"><img loading=\"lazy\" decoding=\"async\" width=\"1024\" height=\"481\" src=\"https:\/\/kriminal.me\/wp-content\/uploads\/2022\/06\/5.-izraz-zahvalnosti-1024x481.png\" alt=\"\" class=\"wp-image-1462\" srcset=\"https:\/\/kriminal.me\/wp-content\/uploads\/2022\/06\/5.-izraz-zahvalnosti-1024x481.png 1024w, https:\/\/kriminal.me\/wp-content\/uploads\/2022\/06\/5.-izraz-zahvalnosti-300x141.png 300w, https:\/\/kriminal.me\/wp-content\/uploads\/2022\/06\/5.-izraz-zahvalnosti-768x361.png 768w, https:\/\/kriminal.me\/wp-content\/uploads\/2022\/06\/5.-izraz-zahvalnosti-1536x721.png 1536w, https:\/\/kriminal.me\/wp-content\/uploads\/2022\/06\/5.-izraz-zahvalnosti.png 1680w\" sizes=\"auto, (max-width: 1024px) 100vw, 1024px\" \/><figcaption>Izvod iz ugovora o poklonu<\/figcaption><\/figure>\n\n\n\n<p>Ovaj poklon je do\u0161ao svega deset dana nakon \u0161to je Arsi\u0107 pribavio gra\u0111evinsku dozvolu za izgradnju ku\u0107e na pomenutoj parceli, \u0161to potvr\u0111uje i zvani\u010dna dokumentacija kola\u0161inskog Sekretarijata za urbanizam.<\/p>\n\n\n\n<p>U njoj se nalazi i potvrda da je Arsi\u0107 prethodno platio oko 9 hiljada eura na ime komunalija, ali i detaljni projekat dvospratne ku\u0107e od oko 340 kvadratnih metara, sa Arsi\u0107em kao investitorom izgradnje tog objekta.<\/p>\n\n\n\n<p>Nakon \u0161to je zemlji\u0161te poklonjeno maloljetnoj D.D, u kola\u0161inskom Sekretarijatu za urbanizam je izvr\u0161en i prenos gra\u0111evinske dozvole na unuku Vesne Medenice.<\/p>\n\n\n\n<figure class=\"wp-block-image size-large\"><img loading=\"lazy\" decoding=\"async\" width=\"1024\" height=\"717\" src=\"https:\/\/kriminal.me\/wp-content\/uploads\/2022\/06\/9.-gradjevinska-na-D.D.-1-1024x717.png\" alt=\"\" class=\"wp-image-1463\" srcset=\"https:\/\/kriminal.me\/wp-content\/uploads\/2022\/06\/9.-gradjevinska-na-D.D.-1-1024x717.png 1024w, https:\/\/kriminal.me\/wp-content\/uploads\/2022\/06\/9.-gradjevinska-na-D.D.-1-300x210.png 300w, https:\/\/kriminal.me\/wp-content\/uploads\/2022\/06\/9.-gradjevinska-na-D.D.-1-768x538.png 768w, https:\/\/kriminal.me\/wp-content\/uploads\/2022\/06\/9.-gradjevinska-na-D.D.-1.png 1093w\" sizes=\"auto, (max-width: 1024px) 100vw, 1024px\" \/><figcaption>Prenos gradjevinske dozvole<\/figcaption><\/figure>\n\n\n\n<p>Stanje na terenu danas pokazuje da je na poklonjenoj parceli izgra\u0111en objekat identi\u010dan onome za koji je Arsi\u0107 pribavio dozvolu i izradio glavni projekat. Prema onome \u0161to su istra\u017eiva\u010di MANS-a zatekli na terenu, objekat je u potpunosti zavr\u0161en i useljen.<\/p>\n\n\n\n<figure class=\"wp-block-image size-large\"><img loading=\"lazy\" decoding=\"async\" width=\"1024\" height=\"690\" src=\"https:\/\/kriminal.me\/wp-content\/uploads\/2022\/06\/11.-kuca-iz-glavnog-projekta-1024x690.png\" alt=\"\" class=\"wp-image-1464\" srcset=\"https:\/\/kriminal.me\/wp-content\/uploads\/2022\/06\/11.-kuca-iz-glavnog-projekta-1024x690.png 1024w, https:\/\/kriminal.me\/wp-content\/uploads\/2022\/06\/11.-kuca-iz-glavnog-projekta-300x202.png 300w, https:\/\/kriminal.me\/wp-content\/uploads\/2022\/06\/11.-kuca-iz-glavnog-projekta-768x518.png 768w, https:\/\/kriminal.me\/wp-content\/uploads\/2022\/06\/11.-kuca-iz-glavnog-projekta-1536x1036.png 1536w, https:\/\/kriminal.me\/wp-content\/uploads\/2022\/06\/11.-kuca-iz-glavnog-projekta.png 1701w\" sizes=\"auto, (max-width: 1024px) 100vw, 1024px\" \/><figcaption>Izvod iz glavnog projekta objekta koji se vodi na D.D.<\/figcaption><\/figure>\n\n\n\n<p>Podaci iz tehni\u010dke dokumentacije pokazuju da je vrijednost radova na izgradnji ovog objekta iznosila oko 125 hiljada eura, bez njegovog unutra\u0161njeg opremanja.<\/p>\n\n\n\n<p>Odgovaraju\u0107i na pitanja Istra\u017eiva\u010dkog centra MANS-a, Rado Arsi\u0107 je rekao da je njegovog gesta isklju\u010divo izraz zahvalnosti, da poklon nije imao nikakav \u201cuzvratni karakter\u201d. Arsi\u0107 dodaje i da je zemlji\u0161te poklonjeno sa ciljem da se pomogne maloljetnoj D.D, te da ga sa porodicom Vesne Medenice ve\u017eu kumovski odnosi.<\/p>\n\n\n\n<p>Pored kumovskih odnosa, Arsi\u0107a za Medenice vezuje i zajedni\u010dki projekat izgradnje luksuznih vila u tivatskom zalivu iz kojeg je Milo\u0161 Medenica nedavno iza\u0161ao. MANS je jo\u0161 2020. godine protiv Arsi\u0107a i Milo\u0161a Medenice podnio krivi\u010dnu prijavu zbog nelegalne gradnje u zoni morskog dobra.<\/p>\n\n\n\n<p>Ovaj tivatski biznismen je \u0161iroj javnosti poznat jo\u0161 2007. godine kada je uz ljude bliske porodici \u0110ukanovi\u0107 u\u010destvovao u dokapitalizaciji Prve banke Crne Gore. Nedavno je ponovo dospio u fokus javnosti nakon prijetnji upu\u0107enih tivatskom predsjedniku op\u0161tine, \u017deljku Komnenovi\u0107u, nakon \u0161to je ovaj protiv njega krajem februara ove godine podnio krivi\u010dnu prijavu Osim toga, Arsi\u0107 je 2019. godine nov\u010dano ka\u017enjen zbog fizi\u010dkog napada na direktora Radio Tivat.<\/p>\n\n\n\n<p>Na pitanje MANS-a da li je i izgradnja ku\u0107e u vrijednosti od najmanje 125 hiljada eura bila tako\u0111e dio tog poklona, te za\u0161to je samo deset dana od dobijanja gra\u0111evinske dozvole zvani\u010dno odustao od gradnje, a projekat poklonio porodici Medenice, Arsi\u0107 je rekao da nije u\u010destovao u izgradnji ku\u0107e.<\/p>\n\n\n\n<p>Ipak, u listu nepokretnosti za nekretnine koje su uknji\u017eene na maloljetnu D.D. se navodi da su i parcela i ku\u0107a ste\u010dene poklonom. Osim ove nekretnine, na maloljetnu unuku Vesne Medenice je jo\u0161 2016. godine uknji\u017een i stan u Podgorici od 86m2 koji je uz pomo\u0107 kredita pla\u0107en 95.000 eura.<\/p>\n\n\n\n<figure class=\"wp-block-image size-large\"><img loading=\"lazy\" decoding=\"async\" width=\"1024\" height=\"557\" src=\"https:\/\/kriminal.me\/wp-content\/uploads\/2022\/06\/Screenshot-2022-04-26-at-18.13.12-1024x557.png\" alt=\"\" class=\"wp-image-1465\" srcset=\"https:\/\/kriminal.me\/wp-content\/uploads\/2022\/06\/Screenshot-2022-04-26-at-18.13.12-1024x557.png 1024w, https:\/\/kriminal.me\/wp-content\/uploads\/2022\/06\/Screenshot-2022-04-26-at-18.13.12-300x163.png 300w, https:\/\/kriminal.me\/wp-content\/uploads\/2022\/06\/Screenshot-2022-04-26-at-18.13.12-768x418.png 768w, https:\/\/kriminal.me\/wp-content\/uploads\/2022\/06\/Screenshot-2022-04-26-at-18.13.12-1536x836.png 1536w, https:\/\/kriminal.me\/wp-content\/uploads\/2022\/06\/Screenshot-2022-04-26-at-18.13.12-2048x1115.png 2048w\" sizes=\"auto, (max-width: 1024px) 100vw, 1024px\" \/><figcaption>Izvod iz lista nepokretnosti<\/figcaption><\/figure>\n\n\n\n<p>\u201cK\u0107erka Vesne Medenice je nesporno povezano lice u smislu Zakona o sprje\u010davanju korupcije i u tom smislu Agencija za sprje\u010davanje korupcije ima direktnu nadle\u017enost za provjeru porijekla ove i druge imovine. Na\u017ealost, nakon odlaska iz doma\u0107instva javnog funkcionera, ASK gotovo uo\u0161te ne bavi njihovom djecom ili drugim povezanim licima, \u0161to otvara ogroman prostor za zloupotrebe i skrivanje imovine i prihoda iz nepoznatih izvora\u201d, upozoravaju iz MANS-a.<\/p>\n\n\n\n<figure class=\"wp-block-image size-full\"><img loading=\"lazy\" decoding=\"async\" width=\"763\" height=\"469\" src=\"https:\/\/kriminal.me\/wp-content\/uploads\/2022\/06\/1.Marija-Mednica-Instagram.png\" alt=\"\" class=\"wp-image-1466\" srcset=\"https:\/\/kriminal.me\/wp-content\/uploads\/2022\/06\/1.Marija-Mednica-Instagram.png 763w, https:\/\/kriminal.me\/wp-content\/uploads\/2022\/06\/1.Marija-Mednica-Instagram-300x184.png 300w\" sizes=\"auto, (max-width: 763px) 100vw, 763px\" \/><figcaption>Marija Medenica (foto: Instagram)<\/figcaption><\/figure>\n\n\n\n<p>Odgovor na pitanje o vezama sa Arsi\u0107em, te porijeklu novca iz kojeg se finansirala izgradnja i opremanje ku\u0107e u Kola\u0161inu, MANS je poku\u0161ao da dobije i od Marije Medenice, ali ona nije odgovarala na poslate poruke.<\/p>\n","protected":false},"excerpt":{"rendered":"<p>K\u0107erka biv\u0161e predsjednice Vrhovnog suda, Vesne Medenice, Marija, sredinom 2018. godine je od kontroverznog tivatskog biznismena Rada Arsi\u0107a dobila na poklon zemlji\u0161te u Kola\u0161inu vrijedno 21 hiljadu eura, pokazuju podaci do kojih je do\u0161ao Istra\u017eiva\u010dki centar MANS-a.\u00a0 Danas se na toj parceli nalazi velelepna vila, a Arsi\u0107 tvrdi da se radi o kumovskom, a ne [&hellip;]<\/p>\n","protected":false},"author":1,"featured_media":1467,"comment_status":"open","ping_status":"open","sticky":false,"template":"","format":"standard","meta":{"footnotes":""},"categories":[57],"tags":[82,78,79,80],"class_list":["post-1461","post","type-post","status-publish","format-standard","has-post-thumbnail","hentry","category-istrazivanja","tag-marija-medenica","tag-rado-arsic","tag-vesna-medenica","tag-vrhovni-sud-crne-gore"],"_links":{"self":[{"href":"https:\/\/kriminal.me\/index.php\/wp-json\/wp\/v2\/posts\/1461","targetHints":{"allow":["GET"]}}],"collection":[{"href":"https:\/\/kriminal.me\/index.php\/wp-json\/wp\/v2\/posts"}],"about":[{"href":"https:\/\/kriminal.me\/index.php\/wp-json\/wp\/v2\/types\/post"}],"author":[{"embeddable":true,"href":"https:\/\/kriminal.me\/index.php\/wp-json\/wp\/v2\/users\/1"}],"replies":[{"embeddable":true,"href":"https:\/\/kriminal.me\/index.php\/wp-json\/wp\/v2\/comments?post=1461"}],"version-history":[{"count":2,"href":"https:\/\/kriminal.me\/index.php\/wp-json\/wp\/v2\/posts\/1461\/revisions"}],"predecessor-version":[{"id":1469,"href":"https:\/\/kriminal.me\/index.php\/wp-json\/wp\/v2\/posts\/1461\/revisions\/1469"}],"wp:featuredmedia":[{"embeddable":true,"href":"https:\/\/kriminal.me\/index.php\/wp-json\/wp\/v2\/media\/1467"}],"wp:attachment":[{"href":"https:\/\/kriminal.me\/index.php\/wp-json\/wp\/v2\/media?parent=1461"}],"wp:term":[{"taxonomy":"category","embeddable":true,"href":"https:\/\/kriminal.me\/index.php\/wp-json\/wp\/v2\/categories?post=1461"},{"taxonomy":"post_tag","embeddable":true,"href":"https:\/\/kriminal.me\/index.php\/wp-json\/wp\/v2\/tags?post=1461"}],"curies":[{"name":"wp","href":"https:\/\/api.w.org\/{rel}","templated":true}]}}