

{"id":1417,"date":"2022-05-12T12:44:00","date_gmt":"2022-05-12T11:44:00","guid":{"rendered":"https:\/\/kriminal.me\/?p=1417"},"modified":"2022-06-06T12:48:11","modified_gmt":"2022-06-06T11:48:11","slug":"sin-bivseg-vdta-u-pratnji-sarica-uoci-sudenja-za-pranje-preko-20-miliona-eura","status":"publish","type":"post","link":"https:\/\/kriminal.me\/index.php\/2022\/05\/12\/sin-bivseg-vdta-u-pratnji-sarica-uoci-sudenja-za-pranje-preko-20-miliona-eura\/","title":{"rendered":"Sin biv\u0161eg VDTa u pratnji \u0160ari\u0107a uo\u010di su\u0111enja za pranje preko 20 miliona eura"},"content":{"rendered":"\n<blockquote class=\"wp-block-quote is-layout-flow wp-block-quote-is-layout-flow\"><p><em><strong>Aleksa Stankovi\u0107, sin biv\u0161eg Vrhovnog dr\u017eavnog tu\u017eioca (VDT) Crne Gore, Ivice Stankovi\u0107a fotografisan je po\u010detkom aprila ove godine u dru\u0161tvu Darka \u0160ari\u0107a, narko-bosa optu\u017eenog za me\u0111unarodni \u0161verc 5,7 tona kokaina u Evropu i pranje preko 20 miliona eura za koje se sumnja da su ste\u010dene prodajom narkotika. Na pitanje Istra\u017eiva\u010dkog centra MANS-a u kojim povodom je bio u dru\u0161tvu \u0160ari\u0107a, Aleksa Stankovi\u0107 nije dao odgovor.<\/strong><\/em><\/p><cite>Autor: Dejan Milovac, Istra\u017eiva\u010dki centar MANS<\/cite><\/blockquote>\n\n\n\n<p>Fotografije su nastale 6. aprila ove godine u Nemanjinoj 9, u Beogradu, ispred ulaza u Apelacioni sud gdje je tog dana zavr\u0161eno izlaganje \u017ealbi na presudu kojom su \u0160ari\u0107 i njegova grupa osu\u0111eni za pranje vi\u0161e od 20 miliona eura. Fotografije su Istra\u017eiva\u010dkom centru MANS-a ustupile kolege iz beogradskog KRIK-a.<\/p>\n\n\n\n<p>Zavr\u0161etku su\u0111enja za pranje novca je prisustvovao i sam Darko \u0160ari\u0107 koji je u Apelacioni sud do\u0161ao u pratnji dva pripadnika obezbje\u0111enja. Sa njim je bio i Neboj\u0161a Jestrovi\u0107, jedan od njegovih najbli\u017eih saradnika, tako\u0111e optu\u017een za pranje novca, ali i, kako svjedo\u010de fotografije, Aleksa Stankovi\u0107, sin biv\u0161eg Vrhovnog dr\u017eavnog tu\u017eioca Crne Gore.<\/p>\n\n\n\n<p>Aleksa Stankovi\u0107 je po zanimanju advokat i \u010dlan je Advokatske komore Crne Gore, ali nije jasno u kom kapacitetu je po\u010detkom aprila nalazio u dru\u0161tvu \u0160ari\u0107a neposredno pred pomenutu sjednicu Apelacionog suda u Beogradu.<\/p>\n\n\n\n<p>Jedna od fotografija koje su snimljene tog dana pokazuju i prisan odnos izme\u0111u Alekse Stankovi\u0107a i Neboj\u0161e Jestrovi\u0107a. Iako su mediji do sada o odnosima izme\u0111u porodica Stankovi\u0107 i \u0160ari\u0107 uglavnom izvje\u0161tavali na nivou \u0161pekulacija o privatnim relacijama izme\u0111u Alekse Stankovi\u0107a i \u0160ari\u0107eve k\u0107erke, do sada nije bilo indicija da sin biv\u0161eg VDT-a poznaje nekog iz \u0160ari\u0107eve grupe koja je optu\u017eena za pranje novca.<\/p>\n\n\n\n<p>Naime, na jednoj od fotografija je zabilje\u017eeno prisno rukovanje Stankovi\u0107a i Jestrovi\u0107a, neposredno prije ulaska u sud.\u00a0 Istra\u017eiva\u010dki centar MANS je Aleksi Stankovi\u0107u uputio i pitanja u vezi sa okolnostima koje su dovele do poznanstva sa Jestrovi\u0107em, ali do objave ovog teksta nismo dobili odgovor.<\/p>\n\n\n\n<figure class=\"wp-block-image size-large\"><img loading=\"lazy\" decoding=\"async\" width=\"1024\" height=\"495\" src=\"https:\/\/kriminal.me\/wp-content\/uploads\/2022\/06\/Stankovic-Saric-2-1024x495.jpeg\" alt=\"\" class=\"wp-image-1420\" srcset=\"https:\/\/kriminal.me\/wp-content\/uploads\/2022\/06\/Stankovic-Saric-2-1024x495.jpeg 1024w, https:\/\/kriminal.me\/wp-content\/uploads\/2022\/06\/Stankovic-Saric-2-300x145.jpeg 300w, https:\/\/kriminal.me\/wp-content\/uploads\/2022\/06\/Stankovic-Saric-2-768x371.jpeg 768w, https:\/\/kriminal.me\/wp-content\/uploads\/2022\/06\/Stankovic-Saric-2-1536x743.jpeg 1536w, https:\/\/kriminal.me\/wp-content\/uploads\/2022\/06\/Stankovic-Saric-2-2048x990.jpeg 2048w\" sizes=\"auto, (max-width: 1024px) 100vw, 1024px\" \/><figcaption>Rukovanje Stankovi\u0107a i Jestrovi\u0107a, Foto: KRIK<\/figcaption><\/figure>\n\n\n\n<p>Prema\u00a0<a href=\"https:\/\/www.krik.rs\/mali-vodic-za-pranje-novca-saricev-model\/\"><strong><em>istra\u017eivanju koje je ranije objavio KRIK<\/em><\/strong><\/a>, Jestrovi\u0107 je me\u0111u osobama od najve\u0107eg povjerenja, a kako je tu\u017eila\u0161tvo utvrdilo, u okviru \u0160ari\u0107eve grupe je bio zadu\u017een da pronala\u017eenje na\u010dina da se prljavi novac ubaci u legalne tokove. Tako je Jestrovi\u0107 jo\u0161 2005. godine osnovao kompaniju Municipium S koja kasnije, kako tvrde u tu\u017eila\u0161tvu, poslu\u017eila \u0160ari\u0107evoj grupi za ubacivanje novca kroz fiktivne pozajmice koje su \u0160ari\u0107eve offshore kompanije davale ovoj beogradskoj firmi. Prema podacima tu\u017eila\u0161tva sli\u010dan scenario je primjenjivan i kada su u pitanju bile crnogorske firme u vlasni\u0161tvu \u0160ari\u0107a, \u201cMaestraltours\u201d i \u201cMat Company\u201d.<\/p>\n\n\n\n<h4 class=\"wp-block-heading\"><strong>Bez komentara o vezama svog sina sa\u00a0grupom\u00a0Darka \u0160ari\u0107a<\/strong><\/h4>\n\n\n\n<p>Ivica Stankovi\u0107 je sredinom 2021. oti\u0161ao u starosnu penziju. U\u00a0<a href=\"https:\/\/www.youtube.com\/watch?v=iDeT4D6HUX0\"><strong><em>ranije datom intervju<\/em><\/strong><\/a>, komentari\u0161u\u0107i \u010dinjenicu da je njegov sin javno podr\u017eao visokog funkcionera DPS-a Slavoljuba Stijepovi\u0107a nakon \u0161to je objavljen snimak primopredaje novca u aferi Koverta, tada\u0161nji VDT je rekao da je njegov sin \u201cpunoljetan, odrastao \u010dovjek koji ima neke svoje stavove, interesovanja i odluke sa kojima se on nekada i ne sla\u017ee\u201d.<\/p>\n\n\n\n<figure class=\"wp-block-image size-full\"><img loading=\"lazy\" decoding=\"async\" width=\"768\" height=\"511\" src=\"https:\/\/kriminal.me\/wp-content\/uploads\/2022\/06\/Stankovic-Vijesti-768x511-1.jpeg\" alt=\"\" class=\"wp-image-1421\" srcset=\"https:\/\/kriminal.me\/wp-content\/uploads\/2022\/06\/Stankovic-Vijesti-768x511-1.jpeg 768w, https:\/\/kriminal.me\/wp-content\/uploads\/2022\/06\/Stankovic-Vijesti-768x511-1-300x200.jpeg 300w\" sizes=\"auto, (max-width: 768px) 100vw, 768px\" \/><figcaption>Ivica Stankovi\u0107, Foto: Boris Pejovi\u0107 (Vijesti)<\/figcaption><\/figure>\n\n\n\n<p>Me\u0111utim na pitanje Istra\u017eiva\u010dkog centra MANS-a u vezi sa vezama svog sina sa Darkom \u0160ari\u0107em i pripadnicima njegove kriminalne grupe, biv\u0161i VDT nije dao odgovor.<\/p>\n\n\n\n<h4 class=\"wp-block-heading\"><strong>Djeca visokih funkcionera na vezi sa organizovanom kriminalom<\/strong><\/h4>\n\n\n\n<p>Nakon \u0161to je podgori\u010dki portal Libertas-press objavio prve\u00a0<a href=\"https:\/\/libertaspress.me\/milos-medenica-moramo-grabiti-za-nas-jer-sad-smo-na-poziciji\/\"><strong><em>transkripte presretnutih razgovora Milo\u0161a Medenica<\/em><\/strong><\/a>, sina biv\u0161e predsjednike Vrhovnog suda Crne Gore, Vesne Medenice, koje je crnogorskom tu\u017eila\u0161tvu dostavio EUROPOL, u javnosti su nastavili da isplivavaju dokazi o vrlo bliskim vezama izme\u0111u visokih funkcionera crnogorskog sudstva i policije sa pripadnicima organizovanih kriminalnih grupa.<\/p>\n\n\n\n<p>Dok se Vesna Medenica koja je trenutno u pritvoru sumnji\u010di za krivi\u010dno djelo protivzakonitog uticaja na dono\u0161enje sudskih odluka,<strong><em>\u00a0<a href=\"https:\/\/libertaspress.me\/policajci-zli-porucnik-i-junior-u-sluzbi-radoja-zvicera\/\">novi transkripti EUROPOL-a<\/a><\/em><\/strong>\u00a0su otkrili veze izme\u0111u policijskih inspektora, Petra Lazovi\u0107a i Ljuba Milovi\u0107a i Radoja Zvicera, jednog od navodih vo\u0111a Kava\u010dkog klana.<\/p>\n\n\n\n<h4 class=\"wp-block-heading\"><strong>Postupci protiv \u0160ari\u0107a u Srbiji<\/strong><\/h4>\n\n\n\n<p>Darko \u0160ari\u0107 je julu 2020. godine osu\u0111en na devet godina zatvora, a njegovi saradnici na kazne od od dvije do sedam godina zatvora zbog pranja vi\u0161e od 20 miliona eura za koje se sumnja da su ste\u010dene me\u0111unarodnim \u0161varcom kokaina. Ova presuda jo\u0161 nije kona\u010dna i o njoj trenutno odlu\u010duje Apelacioni sud u Beogradu. Pred istim sudom se vodi i postupak i u predmetu u kome je \u0160ari\u0107 optu\u017een za \u0161verc 5,7 tona kokaina. Iako je \u0160ari\u0107 bio pravosna\u017eno osu\u0111en na 15 godina zatvora, Vrhovni kasacioni sud je ukinuo ovu odluku i nalo\u017eio da se su\u0111enje ponovi pred Apelacionim sudom. I u ovom postupku se o\u010dekuje odluka Apelacionog suda.<\/p>\n\n\n\n<p>Protiv \u0160ari\u0107a u toku je istraga zbog sumnje da je organizovao ubistvo svog nekada\u0161njeg saradnika Milana Milovca zvanog Cigla. On je zbog toga pro\u0161log meseca uhap\u0161en i iz ku\u0107nog pritvora u kome se nalazio od kraja pro\u0161le godine vra\u0107en u zatvorski.<\/p>\n","protected":false},"excerpt":{"rendered":"<p>Aleksa Stankovi\u0107, sin biv\u0161eg Vrhovnog dr\u017eavnog tu\u017eioca (VDT) Crne Gore, Ivice Stankovi\u0107a fotografisan je po\u010detkom aprila ove godine u dru\u0161tvu Darka \u0160ari\u0107a, narko-bosa optu\u017eenog za me\u0111unarodni \u0161verc 5,7 tona kokaina u Evropu i pranje preko 20 miliona eura za koje se sumnja da su ste\u010dene prodajom narkotika. Na pitanje Istra\u017eiva\u010dkog centra MANS-a u kojim povodom [&hellip;]<\/p>\n","protected":false},"author":1,"featured_media":1418,"comment_status":"open","ping_status":"open","sticky":false,"template":"","format":"standard","meta":{"footnotes":""},"categories":[57],"tags":[59,61,58,62,26,60],"class_list":["post-1417","post","type-post","status-publish","format-standard","has-post-thumbnail","hentry","category-istrazivanja","tag-aleksa-stankovic","tag-darko-saric","tag-ivica-stankovic","tag-nebojsa-jestrovic","tag-sverc-kokaina","tag-vrhovni-drzavni-tuzilac"],"_links":{"self":[{"href":"https:\/\/kriminal.me\/index.php\/wp-json\/wp\/v2\/posts\/1417","targetHints":{"allow":["GET"]}}],"collection":[{"href":"https:\/\/kriminal.me\/index.php\/wp-json\/wp\/v2\/posts"}],"about":[{"href":"https:\/\/kriminal.me\/index.php\/wp-json\/wp\/v2\/types\/post"}],"author":[{"embeddable":true,"href":"https:\/\/kriminal.me\/index.php\/wp-json\/wp\/v2\/users\/1"}],"replies":[{"embeddable":true,"href":"https:\/\/kriminal.me\/index.php\/wp-json\/wp\/v2\/comments?post=1417"}],"version-history":[{"count":4,"href":"https:\/\/kriminal.me\/index.php\/wp-json\/wp\/v2\/posts\/1417\/revisions"}],"predecessor-version":[{"id":1427,"href":"https:\/\/kriminal.me\/index.php\/wp-json\/wp\/v2\/posts\/1417\/revisions\/1427"}],"wp:featuredmedia":[{"embeddable":true,"href":"https:\/\/kriminal.me\/index.php\/wp-json\/wp\/v2\/media\/1418"}],"wp:attachment":[{"href":"https:\/\/kriminal.me\/index.php\/wp-json\/wp\/v2\/media?parent=1417"}],"wp:term":[{"taxonomy":"category","embeddable":true,"href":"https:\/\/kriminal.me\/index.php\/wp-json\/wp\/v2\/categories?post=1417"},{"taxonomy":"post_tag","embeddable":true,"href":"https:\/\/kriminal.me\/index.php\/wp-json\/wp\/v2\/tags?post=1417"}],"curies":[{"name":"wp","href":"https:\/\/api.w.org\/{rel}","templated":true}]}}